{"id":612173,"date":"2024-03-07T00:02:29","date_gmt":"2024-03-07T06:02:29","guid":{"rendered":"https:\/\/www.diarioimagen.net\/?p=612173"},"modified":"2024-03-07T01:23:18","modified_gmt":"2024-03-07T07:23:18","slug":"que-onda-con-los-80-recorre-una-decada-que-marco-a-mexico","status":"publish","type":"post","link":"https:\/\/www.diarioimagen.net\/?p=612173","title":{"rendered":"\u00bfQu\u00e9 Onda Con Los 80? recorre una d\u00e9cada que marc\u00f3 a M\u00e9xico"},"content":{"rendered":"<p>&nbsp;<\/p>\n<h2 style=\"text-align: center;\">Serie documental original de ViX<\/h2>\n<p><strong>\u00a0<\/strong><\/p>\n<ul>\n<li><strong><em>A trav\u00e9s de un vasto archivo audiovisual y testimonios de personajes destacados<\/em><\/strong><\/li>\n<\/ul>\n<p>&nbsp;<\/p>\n<div id=\"attachment_612269\" style=\"width: 470px\" class=\"wp-caption aligncenter\"><a href=\"https:\/\/www.diarioimagen.net\/?attachment_id=612269\" rel=\"attachment wp-att-612269\"><img loading=\"lazy\" decoding=\"async\" aria-describedby=\"caption-attachment-612269\" class=\"size-full wp-image-612269\" src=\"https:\/\/www.diarioimagen.net\/wp-content\/uploads\/2024\/03\/VIX.jpg\" alt=\"\" width=\"460\" height=\"270\" \/><\/a><p id=\"caption-attachment-612269\" class=\"wp-caption-text\">ViX anuncia el lanzamiento de la serie documental \u00bfQu\u00e9 Onda Con Los 80?, producida por N+Docs.<\/p><\/div>\n<p>&nbsp;<\/p>\n<p>ViX, el servicio de streaming en espa\u00f1ol l\u00edder en el mundo, anuncia el lanzamiento de la serie documental \u00bfQu\u00e9 Onda Con Los 80?, producida por N+Docs. La totalidad de sus cap\u00edtulos estar\u00e1n disponibles en ViX a partir de este viernes 8 de marzo y su primer cap\u00edtulo se estrenar\u00e1 el 7 de marzo, a las 23:00 horas, por las estrellas.<\/p>\n<p>La docuserie \u00bfQu\u00e9 Onda Con Los 80?,\u00a0 explora el progreso de una sociedad que vive la destrucci\u00f3n y la muerte con el terremoto de 1985, pero que se levanta con esperanza hacia el final de la d\u00e9cada, una \u00e9poca que es clave para entender el presente y evoluci\u00f3n de la sociedad mexicana.<\/p>\n<p>Dirigida por Mar\u00eda Jos\u00e9 Cuevas, a lo largo de tres episodios \u00bfQu\u00e9 Onda Con Los 80?, recrea con extraordinario detalle los grandes sucesos de una d\u00e9cada que signific\u00f3 un parteaguas, entre muchas cosas, para el fortalecimiento de la sociedad civil, de la democracia, y de los derechos fundamentales para lograr una mayor equidad de g\u00e9nero, respeto a las minor\u00edas y a la diversidad sexual, as\u00ed como el comienzo de los avances tecnol\u00f3gicos y de comunicaci\u00f3n.<\/p>\n<p>Los cap\u00edtulos que llevar\u00e1n al espectador por este recorrido se titulan \u201cLas Sacudidas\u201d, \u201cEl Despertar\u201d y \u201cLa Esperanza\u201d.<\/p>\n","protected":false},"excerpt":{"rendered":"<p>ViX, el servicio de streaming en espa\u00f1ol l\u00edder en el mundo, anuncia el lanzamiento de la serie documental \u00bfQu\u00e9 Onda Con Los 80?, producida por N+Docs. La totalidad de sus cap\u00edtulos estar\u00e1n disponibles en ViX a partir de este viernes 8 de marzo y su primer cap\u00edtulo se estrenar\u00e1 el 7 de marzo, a las 23:00 horas, por las estrellas.<\/p>\n","protected":false},"author":3,"featured_media":612269,"comment_status":"open","ping_status":"open","sticky":false,"template":"","format":"standard","meta":{"_monsterinsights_skip_tracking":false,"_monsterinsights_sitenote_active":false,"_monsterinsights_sitenote_note":"","_monsterinsights_sitenote_category":0,"footnotes":""},"categories":[12],"tags":[53134,96836,99554],"class_list":["post-612173","post","type-post","status-publish","format-standard","has-post-thumbnail","hentry","category-espectaculos","tag-serie","tag-vix","tag-que-onda-con-los-80"],"_links":{"self":[{"href":"https:\/\/www.diarioimagen.net\/index.php?rest_route=\/wp\/v2\/posts\/612173","targetHints":{"allow":["GET"]}}],"collection":[{"href":"https:\/\/www.diarioimagen.net\/index.php?rest_route=\/wp\/v2\/posts"}],"about":[{"href":"https:\/\/www.diarioimagen.net\/index.php?rest_route=\/wp\/v2\/types\/post"}],"author":[{"embeddable":true,"href":"https:\/\/www.diarioimagen.net\/index.php?rest_route=\/wp\/v2\/users\/3"}],"replies":[{"embeddable":true,"href":"https:\/\/www.diarioimagen.net\/index.php?rest_route=%2Fwp%2Fv2%2Fcomments&post=612173"}],"version-history":[{"count":0,"href":"https:\/\/www.diarioimagen.net\/index.php?rest_route=\/wp\/v2\/posts\/612173\/revisions"}],"wp:featuredmedia":[{"embeddable":true,"href":"https:\/\/www.diarioimagen.net\/index.php?rest_route=\/wp\/v2\/media\/612269"}],"wp:attachment":[{"href":"https:\/\/www.diarioimagen.net\/index.php?rest_route=%2Fwp%2Fv2%2Fmedia&parent=612173"}],"wp:term":[{"taxonomy":"category","embeddable":true,"href":"https:\/\/www.diarioimagen.net\/index.php?rest_route=%2Fwp%2Fv2%2Fcategories&post=612173"},{"taxonomy":"post_tag","embeddable":true,"href":"https:\/\/www.diarioimagen.net\/index.php?rest_route=%2Fwp%2Fv2%2Ftags&post=612173"}],"curies":[{"name":"wp","href":"https:\/\/api.w.org\/{rel}","templated":true}]}}