{"id":612314,"date":"2024-03-08T00:04:45","date_gmt":"2024-03-08T06:04:45","guid":{"rendered":"https:\/\/www.diarioimagen.net\/?p=612314"},"modified":"2024-03-08T01:55:52","modified_gmt":"2024-03-08T07:55:52","slug":"fue-intento-de-robo-no-atentado-contra-jose-luis-duran-fgjem","status":"publish","type":"post","link":"https:\/\/www.diarioimagen.net\/?p=612314","title":{"rendered":"Fue intento de robo, no\u00a0atentado, contra Jos\u00e9 Luis Dur\u00e1n: FGJEM"},"content":{"rendered":"<p>&nbsp;<\/p>\n<p><a href=\"https:\/\/www.diarioimagen.net\/?attachment_id=612420\" rel=\"attachment wp-att-612420\"><img loading=\"lazy\" decoding=\"async\" class=\"aligncenter size-full wp-image-612420\" src=\"https:\/\/www.diarioimagen.net\/wp-content\/uploads\/2024\/03\/intento-de-robo.jpg\" alt=\"\" width=\"460\" height=\"270\" \/><\/a><\/p>\n<p>&nbsp;<\/p>\n<p><strong>La Fiscal\u00eda General<\/strong> de Justicia del Estado de\u00a0 M\u00e9xico (FGJEM) inform\u00f3 que inici\u00f3 una investigaci\u00f3n por el delito de robo de veh\u00edculo con violencia en grado de tentativa, por hechos cometidos ayer 6 de marzo afuera de un restaurante ubicado en la colonia Boulevares en el municipio de Naucalpan, en agravio del conductor del veh\u00edculo utilizado para el traslados de un candidato a diputado federal de iniciales J.L.D.R.\u00a0 (Jos\u00e9 Luis Dur\u00e1n Reveles) mismo que no se encontraba en la unidad automotora.<\/p>\n<p>Actos de investigaci\u00f3n establecen que el conductor del veh\u00edculo, un masculino de 52 a\u00f1os de edad, de iniciales F.L.G., estaba abordo de la unidad cuando fue amagado con un arma de fuego por un masculino el cual, tras tocar la ventanilla le dijo que descendiera de la misma. La v\u00edctima intent\u00f3 huir conduciendo, por lo que el agresor le dispar\u00f3 caus\u00e1ndole lesiones; posteriormente fue trasladado a un nosocomio de la zona para recibir atenci\u00f3n m\u00e9dica. La <em>@FiscaliaEdomex<\/em> contin\u00faa con la investigaci\u00f3n con el fin de identificar, detener y presentar ante la autoridad judicial a los responsables.<\/p>\n<p>&nbsp;<\/p>\n","protected":false},"excerpt":{"rendered":"<p>La Fiscal\u00eda General de Justicia del Estado de\u00a0 M\u00e9xico (FGJEM) inform\u00f3 que inici\u00f3 una investigaci\u00f3n por el delito de robo de veh\u00edculo con violencia en grado de tentativa, por hechos cometidos ayer 6 de marzo afuera de un restaurante ubicado en la colonia Boulevares en el municipio de Naucalpan, en agravio del conductor del veh\u00edculo utilizado para el traslados de un candidato a diputado federal de iniciales J.L.D.R.\u00a0 (Jos\u00e9 Luis Dur\u00e1n Reveles) mismo que no se encontraba en la unidad automotora.<\/p>\n","protected":false},"author":3,"featured_media":612420,"comment_status":"open","ping_status":"open","sticky":false,"template":"","format":"standard","meta":{"_monsterinsights_skip_tracking":false,"_monsterinsights_sitenote_active":false,"_monsterinsights_sitenote_note":"","_monsterinsights_sitenote_category":0,"footnotes":""},"categories":[5],"tags":[43675,59613],"class_list":["post-612314","post","type-post","status-publish","format-standard","has-post-thumbnail","hentry","category-estado-de-mexico","tag-estado-de-mexico","tag-fgjem"],"_links":{"self":[{"href":"https:\/\/www.diarioimagen.net\/index.php?rest_route=\/wp\/v2\/posts\/612314","targetHints":{"allow":["GET"]}}],"collection":[{"href":"https:\/\/www.diarioimagen.net\/index.php?rest_route=\/wp\/v2\/posts"}],"about":[{"href":"https:\/\/www.diarioimagen.net\/index.php?rest_route=\/wp\/v2\/types\/post"}],"author":[{"embeddable":true,"href":"https:\/\/www.diarioimagen.net\/index.php?rest_route=\/wp\/v2\/users\/3"}],"replies":[{"embeddable":true,"href":"https:\/\/www.diarioimagen.net\/index.php?rest_route=%2Fwp%2Fv2%2Fcomments&post=612314"}],"version-history":[{"count":0,"href":"https:\/\/www.diarioimagen.net\/index.php?rest_route=\/wp\/v2\/posts\/612314\/revisions"}],"wp:featuredmedia":[{"embeddable":true,"href":"https:\/\/www.diarioimagen.net\/index.php?rest_route=\/wp\/v2\/media\/612420"}],"wp:attachment":[{"href":"https:\/\/www.diarioimagen.net\/index.php?rest_route=%2Fwp%2Fv2%2Fmedia&parent=612314"}],"wp:term":[{"taxonomy":"category","embeddable":true,"href":"https:\/\/www.diarioimagen.net\/index.php?rest_route=%2Fwp%2Fv2%2Fcategories&post=612314"},{"taxonomy":"post_tag","embeddable":true,"href":"https:\/\/www.diarioimagen.net\/index.php?rest_route=%2Fwp%2Fv2%2Ftags&post=612314"}],"curies":[{"name":"wp","href":"https:\/\/api.w.org\/{rel}","templated":true}]}}