{"id":612465,"date":"2024-03-11T00:01:25","date_gmt":"2024-03-11T06:01:25","guid":{"rendered":"https:\/\/www.diarioimagen.net\/?p=612465"},"modified":"2024-03-11T22:54:19","modified_gmt":"2024-03-12T04:54:19","slug":"rechaza-y-combate-pjcdmx-violencia-inequidad-y-discriminacion-contra-la-mujer-mag-guerra-alvarez","status":"publish","type":"post","link":"https:\/\/www.diarioimagen.net\/?p=612465","title":{"rendered":"Rechaza y combate PJCDMX violencia, inequidad y discriminaci\u00f3n contra la mujer: mag. Guerra \u00c1lvarez"},"content":{"rendered":"<p>&nbsp;<\/p>\n<ul>\n<li><strong><em>El presidente del \u00f3rgano judicial as\u00ed lo plante\u00f3 en la conmemoraci\u00f3n del D\u00eda Internacional de la Mujer, donde subray\u00f3 que en la instituci\u00f3n se refrenda una visi\u00f3n donde el liderazgo de ellas ha sido imprescindible<\/em><\/strong><\/li>\n<\/ul>\n<p>&nbsp;<\/p>\n<div id=\"attachment_612569\" style=\"width: 470px\" class=\"wp-caption aligncenter\"><a href=\"https:\/\/www.diarioimagen.net\/?attachment_id=612569\" rel=\"attachment wp-att-612569\"><img loading=\"lazy\" decoding=\"async\" aria-describedby=\"caption-attachment-612569\" class=\"size-full wp-image-612569\" src=\"https:\/\/www.diarioimagen.net\/wp-content\/uploads\/2024\/03\/tribunal-4.jpg\" alt=\"\" width=\"460\" height=\"270\" \/><\/a><p id=\"caption-attachment-612569\" class=\"wp-caption-text\">El magistrado Rafael Guerra \u00c1lvarez clausur\u00f3 una jornada de tres d\u00edas de conferencias, en un acto en el que mencion\u00f3 que \u201clevantamos la voz y adoptamos una postura p\u00fablica a favor del feminismo porque constituye un principio de justicia\u201d.<\/p><\/div>\n<p>&nbsp;<\/p>\n<p>\u201cRechazamos y combatimos en cada espacio del Poder Judicial de la Ciudad de M\u00e9xico la violencia, la inequidad y la discriminaci\u00f3n\u201d en contra las mujeres, estableci\u00f3 el presidente de la instituci\u00f3n, magistrado Rafael Guerra \u00c1lvarez, quien dijo que en el \u00f3rgano judicial se refrenda una visi\u00f3n donde el liderazgo de ellas han sido imprescindibles en la administraci\u00f3n e impartici\u00f3n de justicia.<\/p>\n<p>Al clausurar las actividades del \u00f3rgano judicial en conmemoraci\u00f3n del D\u00eda Internacional de la Mujer, destac\u00f3 que hoy se vive una administraci\u00f3n con avances en la incorporaci\u00f3n de las mujeres en puestos de liderazgo, a diferencia del pasado donde la profesi\u00f3n era fuertemente masculinizada, y puntualiz\u00f3 que \u201clevantamos la voz y adoptamos una postura p\u00fablica a favor del feminismo porque constituye un principio de justicia\u201d.<\/p>\n<p>En el auditorio <em>Benito Ju\u00e1rez<\/em>, con la presencia de consejeras y consejeros de la Judicatura local; magistradas y magistrados, juezas y jueces y personal de \u00e1reas de apoyo judicial y administrativas, Guerra \u00c1lvarez asegur\u00f3 que \u201ccoadyuvamos\u201d para el cambio de rol de las mujeres en el espacio p\u00fablico, y en concreto en temas de procuraci\u00f3n e impartici\u00f3n de justicia.<\/p>\n<p>Mencion\u00f3 que ninguna mujer en el PJCDMX debe estar en riesgo, sentirse disminuida, quedar en segundo plano, subordinarse autom\u00e1ticamente, servir, ser descalificada, autodevaluada, menospreciada, y a\u00f1adi\u00f3 que esa es tarea de todas y todos.<\/p>\n<p>Antes, al inicio del tercer d\u00eda del ciclo de conferencias organizado para conmemorar la efem\u00e9ride del D\u00eda Internacional de la Mujer, el magistrado dijo que se trata de una fecha para no olvidar las circunstancias hist\u00f3ricas de ellas, sus tragedias y sus luchas por sus derechos, y llam\u00f3 a alcanzar, aceleradamente, una sociedad libre de violencia, prejuicios y estereotipos en contra de ni\u00f1as, adolescentes y mujeres de todo el pa\u00eds.<\/p>\n<p>\u201cEsta lucha no es de mujeres, es la lucha de todas las personas por la igualdad\u201d, dijo Guerra \u00c1lvarez, al destacar la presencia juzgadoras del sistema procesal penal acusatorio, a quienes llam\u00f3 celosas defensoras de la impartici\u00f3n de justicia, la cuales, con su labor, representan a las mujeres mexicanas, porque cada d\u00eda aportan su desempe\u00f1o, preparaci\u00f3n y su entrega, como un eslab\u00f3n m\u00e1s en la lucha por la igualdad.<\/p>\n<p>Como parte de las actividades, se llev\u00f3 a cabo la jornada de conferencias denominada <em>Feminicidio: de la noticia criminosa, hasta la sentencia<\/em>, y en la que la consejera de la Judicatura de la Ciudad de M\u00e9xico Irma Guadalupe Garc\u00eda Mendoza, presidenta del Comit\u00e9 para Incluir la Perspectiva de G\u00e9nero, se\u00f1al\u00f3 que juezas y jueces de la instituci\u00f3n son pioneros en la emisi\u00f3n de sentencias de feminicidio en un lenguaje sencillo, a fin de que se comprenda qu\u00e9 pas\u00f3.<\/p>\n<p>En la conferencia <em>Sentencias en el delito de <\/em>feminicidio, moderada por el magistrado de la Novena Sala Penal, Jorge Ponce Mart\u00ednez, y dictada por el juez Fernando Sarabia Villuendas, este consider\u00f3 que fue precursor de ese procedimiento, que tiene como objetivo garantizar el derecho de la verdad y a la reparaci\u00f3n integral del da\u00f1o a las v\u00edctimas. Precis\u00f3 que estas resoluciones constan de un lenguaje sencillo, a fin de permitir a las v\u00edctimas conocer las medidas que componen la reparaci\u00f3n integral del da\u00f1o: de restituci\u00f3n, rehabilitaci\u00f3n, compensaci\u00f3n, satisfacci\u00f3n y de no repetici\u00f3n, para garantizar que ellas puedan dotarse de herramientas y salir adelante.<\/p>\n<p>La jueza Adriana L\u00f3pez Guti\u00e9rrez, por su parte, dict\u00f3 la conferencia <em>Integraci\u00f3n de la carpeta de investigaci\u00f3n en el delito de feminicidio<\/em>; se refiri\u00f3 a los objetivos estrat\u00e9gicos de la investigaci\u00f3n de este delito, las esferas de an\u00e1lisis del modelo econ\u00f3mico de las v\u00edctimas y las gu\u00edas de investigaci\u00f3n.<\/p>\n<p>En la conferencia <em>Gu\u00eda t\u00e9cnica para la elaboraci\u00f3n de necropsias en caso de feminicidios,<\/em> el m\u00e9dico forense del Instituto de Servicios Periciales y Ciencias Forenses, Juventino Iv\u00e1n Miguel Gonz\u00e1lez, destac\u00f3 que en esa instituci\u00f3n se cuenta con un modelo de necropsias \u00fanico y avalado por dos certificaciones, nacional e internacional, que son consecuencia de los altos est\u00e1ndares con los que se realiza y se trabaja de manera interinstitucional.<\/p>\n<p>En la tercera jornada, efectuada el viernes, denominada <em>Visibilizando violencias<\/em>, se dict\u00f3 la conferencia <em>Micromachismo: el sutil ejercicio del poder<\/em>, a cargo de la jueza Elisa V\u00e1zquez S\u00e1nchez, moderada por la magistrada de la Primera Sala Familiar, Rebeca Pujol Rosas; V\u00e1zquez S\u00e1nchez mencion\u00f3 que los micromachismos son tipos de violencia cotidiana, sutiles e imperceptibles pues se dan d\u00eda a d\u00eda, aplicados hacia las mujeres. Se pueden dar en todos lados, precis\u00f3, como en el trabajo, familia, espacio p\u00fablico, con la pareja, en la escuela y en los deportes.<\/p>\n<p>En la conferencia <em>Sue\u00f1os <\/em>escalonados, dictada por la jueza Mar\u00eda Milagros P\u00e9rez Ru\u00edz, y moderada por la magistrada de la Segunda Sala Civil, Laura Elena Rosales Rosales, se habl\u00f3 de la idiosincrasia que a\u00fan predomina en el pa\u00eds, y donde se dijo que se ha luchado para eliminar las barreras a las mujeres. Ella, dijo la ponente, son iguales ante la ley y tienen los mismos derechos y obligaciones, por lo cual deber\u00edan tener el mismo trato y las mismas oportunidades.<\/p>\n<p>Adem\u00e1s, se dict\u00f3 la ponencia <em>La no discriminaci\u00f3n en la Perspectiva de G\u00e9nero a la luz del Sistema Interamericano<\/em>, a cargo de la jueza Blanca Garc\u00eda S\u00e1nchez, moderada por la magistrada de la S\u00e9ptima Sala Civil, Josefina Rosey Gonz\u00e1lez. La ponente se refiri\u00f3 al caso Atenco, pueblo que se opuso a la construcci\u00f3n de un aeropuerto en sus tierras, y mencion\u00f3 que ese fue un ejemplo de discriminaci\u00f3n hacia las mujeres, al recordar que la Suprema Corte de Justicia de la Naci\u00f3n analiz\u00f3 las sentencias emitidas contra ellas, estipulando seis elementos para juzgar con una perspectiva distinta, trat\u00e1ndose de femeninos, sin importar si es v\u00edctima o personas procesada.<\/p>\n<p>Al cerrar las actividades, Guerra \u00c1lvarez record\u00f3 que esta lucha es de todos, y dijo anhelar poder seguir trabajando para todas. Adem\u00e1s, agradeci\u00f3 a quienes hicieron posible la realizaci\u00f3n de los tres d\u00edas de actividades, en especial a universidades, estudiantes y p\u00fablico en general.<\/p>\n","protected":false},"excerpt":{"rendered":"<p>\u201cRechazamos y combatimos en cada espacio del Poder Judicial de la Ciudad de M\u00e9xico la violencia, la inequidad y la discriminaci\u00f3n\u201d en contra las mujeres, estableci\u00f3 el presidente de la instituci\u00f3n, magistrado Rafael Guerra \u00c1lvarez, quien dijo que en el \u00f3rgano judicial se refrenda una visi\u00f3n donde el liderazgo de ellas han sido imprescindibles en la administraci\u00f3n e impartici\u00f3n de justicia.<\/p>\n","protected":false},"author":3,"featured_media":612569,"comment_status":"open","ping_status":"open","sticky":false,"template":"","format":"standard","meta":{"_monsterinsights_skip_tracking":false,"_monsterinsights_sitenote_active":false,"_monsterinsights_sitenote_note":"","_monsterinsights_sitenote_category":0,"footnotes":""},"categories":[6],"tags":[14771,85841,87379,5066],"class_list":["post-612465","post","type-post","status-publish","format-standard","has-post-thumbnail","hentry","category-cd-de-mexico","tag-discriminacion","tag-inequidad","tag-pjcdmx","tag-violencia"],"_links":{"self":[{"href":"https:\/\/www.diarioimagen.net\/index.php?rest_route=\/wp\/v2\/posts\/612465","targetHints":{"allow":["GET"]}}],"collection":[{"href":"https:\/\/www.diarioimagen.net\/index.php?rest_route=\/wp\/v2\/posts"}],"about":[{"href":"https:\/\/www.diarioimagen.net\/index.php?rest_route=\/wp\/v2\/types\/post"}],"author":[{"embeddable":true,"href":"https:\/\/www.diarioimagen.net\/index.php?rest_route=\/wp\/v2\/users\/3"}],"replies":[{"embeddable":true,"href":"https:\/\/www.diarioimagen.net\/index.php?rest_route=%2Fwp%2Fv2%2Fcomments&post=612465"}],"version-history":[{"count":0,"href":"https:\/\/www.diarioimagen.net\/index.php?rest_route=\/wp\/v2\/posts\/612465\/revisions"}],"wp:featuredmedia":[{"embeddable":true,"href":"https:\/\/www.diarioimagen.net\/index.php?rest_route=\/wp\/v2\/media\/612569"}],"wp:attachment":[{"href":"https:\/\/www.diarioimagen.net\/index.php?rest_route=%2Fwp%2Fv2%2Fmedia&parent=612465"}],"wp:term":[{"taxonomy":"category","embeddable":true,"href":"https:\/\/www.diarioimagen.net\/index.php?rest_route=%2Fwp%2Fv2%2Fcategories&post=612465"},{"taxonomy":"post_tag","embeddable":true,"href":"https:\/\/www.diarioimagen.net\/index.php?rest_route=%2Fwp%2Fv2%2Ftags&post=612465"}],"curies":[{"name":"wp","href":"https:\/\/api.w.org\/{rel}","templated":true}]}}