{"id":612469,"date":"2024-03-11T00:02:45","date_gmt":"2024-03-11T06:02:45","guid":{"rendered":"https:\/\/www.diarioimagen.net\/?p=612469"},"modified":"2024-03-11T01:42:02","modified_gmt":"2024-03-11T07:42:02","slug":"hoteleros-quintanarroenses-esperan-para-esta-semana-santa-frutos-de-ferias-turisticas","status":"publish","type":"post","link":"https:\/\/www.diarioimagen.net\/?p=612469","title":{"rendered":"Hoteleros quintanarroenses esperan para esta Semana Santa frutos de ferias tur\u00edsticas\u00a0"},"content":{"rendered":"<p>&nbsp;<\/p>\n<ul>\n<li><strong><em>Tras reuniones en la vitrina Anato<\/em> <\/strong><\/li>\n<\/ul>\n<p>&nbsp;<\/p>\n<div id=\"attachment_612597\" style=\"width: 470px\" class=\"wp-caption aligncenter\"><a href=\"https:\/\/www.diarioimagen.net\/?attachment_id=612597\" rel=\"attachment wp-att-612597\"><img loading=\"lazy\" decoding=\"async\" aria-describedby=\"caption-attachment-612597\" class=\"size-full wp-image-612597\" src=\"https:\/\/www.diarioimagen.net\/wp-content\/uploads\/2024\/03\/semana-santa.jpg\" alt=\"\" width=\"460\" height=\"270\" \/><\/a><p id=\"caption-attachment-612597\" class=\"wp-caption-text\">Hoteleros de Quintana Roo estiman que en Semana Santa se reflejen los resultados de su participaci\u00f3n en la Vitrina Tur\u00edstica Anato, que se celebr\u00f3 en Colombia.<\/p><\/div>\n<p>&nbsp;<\/p>\n<p><strong>Canc\u00fan.\u2014 <\/strong>Empresarios hoteleros y prestadores de servicios tur\u00edsticos del centro y sur del Caribe mexicano estiman que a partir de las pr\u00f3ximas vacaciones de Semana Santa se reflejen los resultados de su participaci\u00f3n en la promoci\u00f3n de los atractivos de la zona en la reciente Vitrina Tur\u00edstica Anato, que se celebr\u00f3 en Colombia.<\/p>\n<p>En el caso de la Asociaci\u00f3n de Hoteles del Centro y Sur del estado, refieren que, en la ciudad de Bogot\u00e1, Colombia, sede de la Vitrina Tur\u00edstica Anato, del 28 de febrero al 1 de marzo pasado, sostuvieron 50 reuniones de trabajos con potenciales compradores, quienes se mostraron interesados en destinos como Chetumal, Bacalar y Mahahual sobre todo ahora con la puesta en marcha del Tren Maya.<\/p>\n<p>Bacalar es el principal y m\u00e1s conocido atractivo en la zona sur, al igual que Mahahual como destino de sol y playa, a los que se suma Chetumal, con sus atractivos hist\u00f3ricos y culturales. \u201cLa promoci\u00f3n de la zona sur del estado y, espec\u00edficamente, de Chetumal, Bacalar y Mahahual es permanente\u201d, destacaron.<\/p>\n<p>De tal manera que, la pr\u00f3xima temporada vacacional de este a\u00f1o, programada para la Semana Mayor a finales de este mes, se refleje la promoci\u00f3n hecha en Colombia y arriben al sur del estado m\u00e1s turistas de Sudam\u00e9rica.<\/p>\n<p>Entre otros destinos, refieren que la Grand Costa Maya se ha promocionado para posicionarla como un destino para el turismo de aventura y naturaleza, a lo que se suman los museos de la capital del estado y las zonas arqueol\u00f3gicas de la zona.<\/p>\n<p>Tambi\u00e9n la Reserva de la Biosfera Banco Chinchorro, que es parte de la segunda barrera de arrecifes m\u00e1s extensa del mundo y uno de los mejores destinos para practicar buceo en el Caribe mexicano, en Mahahual.<\/p>\n<p>De acuerdo con la Secretar\u00eda de Turismo de Quintana Roo, en 2023, Chetumal, Bacalar y Mahahual, destinos que integran la Grand Costa Maya, fueron recorridos por un mill\u00f3n 39 mil 427 turistas; mientras que Chetumal registr\u00f3 631 mil 524 turistas; Bacalar, 254 mil 649, y Mahahual, un total de 153 mil 254 turistas.<\/p>\n","protected":false},"excerpt":{"rendered":"<p>Empresarios hoteleros y prestadores de servicios tur\u00edsticos del centro y sur del Caribe mexicano estiman que a partir de las pr\u00f3ximas vacaciones de Semana Santa se reflejen los resultados de su participaci\u00f3n en la promoci\u00f3n de los atractivos de la zona en la reciente Vitrina Tur\u00edstica Anato, que se celebr\u00f3 en Colombia.<\/p>\n","protected":false},"author":3,"featured_media":612597,"comment_status":"open","ping_status":"open","sticky":false,"template":"","format":"standard","meta":{"_monsterinsights_skip_tracking":false,"_monsterinsights_sitenote_active":false,"_monsterinsights_sitenote_note":"","_monsterinsights_sitenote_category":0,"footnotes":""},"categories":[11],"tags":[99568,2406,43681],"class_list":["post-612469","post","type-post","status-publish","format-standard","has-post-thumbnail","hentry","category-turismo","tag-anato","tag-semana-santa","tag-turismo"],"_links":{"self":[{"href":"https:\/\/www.diarioimagen.net\/index.php?rest_route=\/wp\/v2\/posts\/612469","targetHints":{"allow":["GET"]}}],"collection":[{"href":"https:\/\/www.diarioimagen.net\/index.php?rest_route=\/wp\/v2\/posts"}],"about":[{"href":"https:\/\/www.diarioimagen.net\/index.php?rest_route=\/wp\/v2\/types\/post"}],"author":[{"embeddable":true,"href":"https:\/\/www.diarioimagen.net\/index.php?rest_route=\/wp\/v2\/users\/3"}],"replies":[{"embeddable":true,"href":"https:\/\/www.diarioimagen.net\/index.php?rest_route=%2Fwp%2Fv2%2Fcomments&post=612469"}],"version-history":[{"count":0,"href":"https:\/\/www.diarioimagen.net\/index.php?rest_route=\/wp\/v2\/posts\/612469\/revisions"}],"wp:featuredmedia":[{"embeddable":true,"href":"https:\/\/www.diarioimagen.net\/index.php?rest_route=\/wp\/v2\/media\/612597"}],"wp:attachment":[{"href":"https:\/\/www.diarioimagen.net\/index.php?rest_route=%2Fwp%2Fv2%2Fmedia&parent=612469"}],"wp:term":[{"taxonomy":"category","embeddable":true,"href":"https:\/\/www.diarioimagen.net\/index.php?rest_route=%2Fwp%2Fv2%2Fcategories&post=612469"},{"taxonomy":"post_tag","embeddable":true,"href":"https:\/\/www.diarioimagen.net\/index.php?rest_route=%2Fwp%2Fv2%2Ftags&post=612469"}],"curies":[{"name":"wp","href":"https:\/\/api.w.org\/{rel}","templated":true}]}}