{"id":612475,"date":"2024-03-11T00:02:24","date_gmt":"2024-03-11T06:02:24","guid":{"rendered":"https:\/\/www.diarioimagen.net\/?p=612475"},"modified":"2024-03-11T01:37:41","modified_gmt":"2024-03-11T07:37:41","slug":"coalicion-ciudadana-por-la-prosperidad-y-la-paz-organiza-primer-foro-en-naucalpan","status":"publish","type":"post","link":"https:\/\/www.diarioimagen.net\/?p=612475","title":{"rendered":"Coalici\u00f3n Ciudadana por la Prosperidad y la Paz organiza primer foro en Naucalpan"},"content":{"rendered":"<p>&nbsp;<\/p>\n<ul>\n<li><em><strong>Llamado a ciudadanizar gobiernos<\/strong><\/em><\/li>\n<\/ul>\n<p>&nbsp;<\/p>\n<div id=\"attachment_612587\" style=\"width: 470px\" class=\"wp-caption aligncenter\"><a href=\"https:\/\/www.diarioimagen.net\/?attachment_id=612587\" rel=\"attachment wp-att-612587\"><img loading=\"lazy\" decoding=\"async\" aria-describedby=\"caption-attachment-612587\" class=\"size-full wp-image-612587\" src=\"https:\/\/www.diarioimagen.net\/wp-content\/uploads\/2024\/03\/coalicion-ciudadana.jpg\" alt=\"\" width=\"460\" height=\"270\" \/><\/a><p id=\"caption-attachment-612587\" class=\"wp-caption-text\">La Coalici\u00f3n Ciudadana por la Prosperidad y la Paz, organiz\u00f3 el Foro Hacia la Construcci\u00f3n de\u00a0 la Agenda de Gobernanza Ciudadana en el que participaron 300 l\u00edderes sociales, empresarios, acad\u00e9micos y ciudadanos en general.<\/p><\/div>\n<p>&nbsp;<\/p>\n<p><strong>Naucalpan, Estado de M\u00e9xico.\u2014<\/strong> Durante el foro realizado por la Coalici\u00f3n Ciudadana por la Prosperidad y la Paz, que es apartidista, se tuvo como objetivo, contar con una agenda de gobernanza ciudadana, promoviendo pol\u00edticas p\u00fablicas en un plano de relaci\u00f3n horizontal con los gobiernos en los temas de seguridad, agua, medio ambiente, fomento, igualdad de g\u00e9nero, entre otros.<\/p>\n<p>En \u00e9l, plantearon una reforma al libro V y su reglamento, en t\u00e9rminos de establecer los criterios que regulen los l\u00edmites que deben tener los usos de suelo.<\/p>\n<p>En este foro, David Melgoza Mora, catedr\u00e1tico de la FES Acatl\u00e1n y analista pol\u00edtico, ante los m\u00e1s de 300 l\u00edderes sociales, empresarios, acad\u00e9micos y ciudadanos en general, expuso propuestas de soluci\u00f3n en materia de seguridad, crisis h\u00eddrica, medio ambiente y empoderamiento de la mujer.<\/p>\n<p>En conferencia de prensa, algunos de los integrantes, coincidieron en se\u00f1alar que \u201cdebemos generar un sano equilibrio entre la demanda, la disponibilidad y la oferta de los recursos h\u00eddricos, implementar la tecnolog\u00eda id\u00f3nea para ser eficientes en la disponibilidad de agua, ser capaces de enfrentar el desarrollo urbano y poblacional de las urbes, e incorporar el concepto de justicia h\u00eddrica en las pol\u00edticas y mantener el sistema hidr\u00e1ulico en \u00f3ptimas condiciones\u201d.<\/p>\n<p>En la reuni\u00f3n, tambi\u00e9n se plantearon los problemas que tienen los peque\u00f1os y medianos empresarios para la apertura de sus negocios y que genera la corrupci\u00f3n, \u201cpor lo que es necesario simplificar las licencias de funcionamientos, y darles permanencia sin costo\u201d, puntualizaron.<\/p>\n<p>Se intenta establecer una relaci\u00f3n de sociedad Gobierno que genere mejores productos con un gobierno facilitador y no con un gobierno con obst\u00e1culos, para que\u00a0\u00a0 realmente sea un promotor de desarrollo de las unidades econ\u00f3micas, ya que son generadoras de empleo y contribuyen a la econom\u00eda para erradicar la violencia contra las mujeres.<\/p>\n<p>Acompa\u00f1ado por Alberto Gonz\u00e1lez Aguilar, Eduardo Espinoza, entre otros, Melgoza Mora, expres\u00f3 que otro de los graves problemas que se trataron fue la inseguridad, tema considerado como urgente para solucionar y\u00a0 se plante\u00f3 la necesidad dar mayor atenci\u00f3n a los polic\u00edas, \u201cquienes deben contar con un salario digno, pero este debe ser medido con capacitaci\u00f3n.<\/p>\n","protected":false},"excerpt":{"rendered":"<p>Durante el foro realizado por la Coalici\u00f3n Ciudadana por la Prosperidad y la Paz, que es apartidista, se tuvo como objetivo, contar con una agenda de gobernanza ciudadana, promoviendo pol\u00edticas p\u00fablicas en un plano de relaci\u00f3n horizontal con los gobiernos en los temas de seguridad, agua, medio ambiente, fomento, igualdad de g\u00e9nero, entre otros.<\/p>\n","protected":false},"author":3,"featured_media":612587,"comment_status":"open","ping_status":"open","sticky":false,"template":"","format":"standard","meta":{"_monsterinsights_skip_tracking":false,"_monsterinsights_sitenote_active":false,"_monsterinsights_sitenote_note":"","_monsterinsights_sitenote_category":0,"footnotes":""},"categories":[5],"tags":[99571,43675,27282],"class_list":["post-612475","post","type-post","status-publish","format-standard","has-post-thumbnail","hentry","category-estado-de-mexico","tag-apartidistanaucalpan","tag-estado-de-mexico","tag-foro"],"_links":{"self":[{"href":"https:\/\/www.diarioimagen.net\/index.php?rest_route=\/wp\/v2\/posts\/612475","targetHints":{"allow":["GET"]}}],"collection":[{"href":"https:\/\/www.diarioimagen.net\/index.php?rest_route=\/wp\/v2\/posts"}],"about":[{"href":"https:\/\/www.diarioimagen.net\/index.php?rest_route=\/wp\/v2\/types\/post"}],"author":[{"embeddable":true,"href":"https:\/\/www.diarioimagen.net\/index.php?rest_route=\/wp\/v2\/users\/3"}],"replies":[{"embeddable":true,"href":"https:\/\/www.diarioimagen.net\/index.php?rest_route=%2Fwp%2Fv2%2Fcomments&post=612475"}],"version-history":[{"count":0,"href":"https:\/\/www.diarioimagen.net\/index.php?rest_route=\/wp\/v2\/posts\/612475\/revisions"}],"wp:featuredmedia":[{"embeddable":true,"href":"https:\/\/www.diarioimagen.net\/index.php?rest_route=\/wp\/v2\/media\/612587"}],"wp:attachment":[{"href":"https:\/\/www.diarioimagen.net\/index.php?rest_route=%2Fwp%2Fv2%2Fmedia&parent=612475"}],"wp:term":[{"taxonomy":"category","embeddable":true,"href":"https:\/\/www.diarioimagen.net\/index.php?rest_route=%2Fwp%2Fv2%2Fcategories&post=612475"},{"taxonomy":"post_tag","embeddable":true,"href":"https:\/\/www.diarioimagen.net\/index.php?rest_route=%2Fwp%2Fv2%2Ftags&post=612475"}],"curies":[{"name":"wp","href":"https:\/\/api.w.org\/{rel}","templated":true}]}}