{"id":612545,"date":"2024-03-11T00:15:30","date_gmt":"2024-03-11T06:15:30","guid":{"rendered":"https:\/\/www.diarioimagen.net\/?p=612545"},"modified":"2024-03-10T23:10:11","modified_gmt":"2024-03-11T05:10:11","slug":"la-farsa-del-asalto-a-palacio","status":"publish","type":"post","link":"https:\/\/www.diarioimagen.net\/?p=612545","title":{"rendered":"La farsa del asalto a Palacio"},"content":{"rendered":"<h2>Por la Derecha..!<\/h2>\n<h5>Luis \u00c1ngel Garc\u00eda<\/h5>\n<p>&nbsp;<\/p>\n<p>Sin duda hay nerviosismo en Palacio Nacional, y contrario a la narrativa de la 4T que habla del irremediable triunfo de la corcholata presidencial hasta por cincuenta puntos de ventaja, la verdad es que pueden perder la Presidencia, la mayor\u00eda calificada en el Congreso y varios de los estados. En su desesperaci\u00f3n buscan estrategias distractoras para victimizarse porque no han podido desmentir las advertencias de que solo mediante la violencia electoral pueden retener el poder.<\/p>\n<p>Desde el p\u00falpito del Sal\u00f3n Tesorer\u00eda, todos los d\u00edas se impulsa la campa\u00f1a de la abanderada guinda y de todos los candidatos de la 4T, arengas que, a diferencia de otros a\u00f1os, no han calado en la ciudadan\u00eda, espec\u00edficamente, en el electorado, por lo que quieren repetir el esquema que utilizaron en 2021, utilizar en su beneficio la violencia pol\u00edtica y ser omisos ante la intensa actividad del crimen organizado, el cual asumi\u00f3 la gobernabilidad en buena parte del pa\u00eds. La conciencia ciudadana tiene otros datos y el humor social est\u00e1 en contra de la 4T y de la violencia que han desatado los delincuentes.<\/p>\n<p>Por cierto, aunque el mandatario niega que est\u00e9 desbordado el gobierno, recurre a la violencia y hasta la propicia, no solo mediante el crimen organizado sino con los grupos que le son afines, como es el caso de los padres de los estudiantes de Ayotzinapa, a quienes se les ha permitido realizar todo tipo de destrozos con absoluta impunidad, robar, secuestrar camiones, retener choferes y trasgredir la ley, al amparo de que en esta administraci\u00f3n lo que menos interesa en el Estado de Derecho. Ellos, igual que su mentor, repiten que no les vengan con que la ley es la ley. Bloquean carreteras, impiden el libre tr\u00e1nsito de veh\u00edculos y exigen cuotas para dejar pasar, queman camiones y no pasa nada. Contrario a la ambientalista morelense que bloque\u00f3 una instalaci\u00f3n de CAPUFE y ahora compurga una larga sentencia.<\/p>\n<p>Pero la violencia tambi\u00e9n est\u00e1 al servicio de su majestad y los grupos radicales, violentos y ultras son utilizados para desacreditar a opositores o hacerse la v\u00edctima de supuestas conspiraciones nacionales y extranjeros.<\/p>\n<p>En d\u00edas pasados, los padres de los estudiantes solicitaron un encuentro con el inquilino de Palacio Nacional y ante una aparente negativa, vandalizaron el Palacio de Cobi\u00e1n, la Canciller\u00eda y el Senado. In\u00e9dito, fueron al Centro de Arraigo de la FGR y destruyen la entrada amurallada de la instalaci\u00f3n ministerial sin que se opusiera resistencia. \u00bfCu\u00e1l impunidad cero? De manera extra\u00f1a robaron una camioneta de la CFE y a pesar de que el ex palacio virreinal estuvo fortificado ante el p\u00e1nico que les provoca el movimiento feminista 8M, el veh\u00edculo ingres\u00f3 por Moneda, se coloc\u00f3 frente a una puerta lateral de la residencia del Ejecutivo e embisti\u00f3 el hist\u00f3rico port\u00f3n, el cual cedi\u00f3 al choque, pero nadie ingres\u00f3. Se provoc\u00f3 una humareda que imped\u00eda la visibilidad y el correr de soldados desarmados. El presidente, por en\u00e9sima ocasi\u00f3n dijo que no iba a castigar ese incidente y alent\u00f3 la impunidad.<\/p>\n<p>\u00bfEl tabasque\u00f1o se sinti\u00f3 Salvador Allende? No, porque nunca hubo la intenci\u00f3n real de asaltar Palacio Nacional, solo era una estrategia para victimizarse por las acciones de los \u201cconservadores que manipulan a los padres de los estudiantes de Ayotzinapa\u201d. Le import\u00f3 un carajo el atentado a la investidura presidencial \u2014que nunca estuvo en riesgo, como sucedi\u00f3 con Allende\u2014, o lo vulnerable que es la residencia hist\u00f3rica del Poder Ejecutivo o el da\u00f1o a un recinto patrimonio de los mexicanos. Era una farsa para aparecer como un h\u00e9roe nacional que no tembl\u00f3 ante el embate de la turba; solo le falt\u00f3 emular la frase \u201clos valientes no asesinan\u201d.<\/p>\n<p>Pero farsa o no, la verdad es que el evento evidenci\u00f3 la vulnerabilidad de las instituciones y la ineficacia de un Ej\u00e9rcito que, ante una real eventualidad, dejar\u00eda mancillar la soberan\u00eda nacional. Los gringos pueden invadirnos ya.<\/p>\n","protected":false},"excerpt":{"rendered":"<p><span style=\"color: #005497;\"><strong>Luis \u00c1ngel Garc\u00eda<\/strong><\/span><\/p>\n","protected":false},"author":3,"featured_media":0,"comment_status":"open","ping_status":"open","sticky":false,"template":"","format":"standard","meta":{"_monsterinsights_skip_tracking":false,"_monsterinsights_sitenote_active":false,"_monsterinsights_sitenote_note":"","_monsterinsights_sitenote_category":0,"footnotes":""},"categories":[92115],"tags":[92117,43674,92116],"class_list":["post-612545","post","type-post","status-publish","format-standard","hentry","category-luis-angel-garcia","tag-luis-angel-garcia","tag-opinion","tag-por-la-derecha"],"_links":{"self":[{"href":"https:\/\/www.diarioimagen.net\/index.php?rest_route=\/wp\/v2\/posts\/612545","targetHints":{"allow":["GET"]}}],"collection":[{"href":"https:\/\/www.diarioimagen.net\/index.php?rest_route=\/wp\/v2\/posts"}],"about":[{"href":"https:\/\/www.diarioimagen.net\/index.php?rest_route=\/wp\/v2\/types\/post"}],"author":[{"embeddable":true,"href":"https:\/\/www.diarioimagen.net\/index.php?rest_route=\/wp\/v2\/users\/3"}],"replies":[{"embeddable":true,"href":"https:\/\/www.diarioimagen.net\/index.php?rest_route=%2Fwp%2Fv2%2Fcomments&post=612545"}],"version-history":[{"count":0,"href":"https:\/\/www.diarioimagen.net\/index.php?rest_route=\/wp\/v2\/posts\/612545\/revisions"}],"wp:attachment":[{"href":"https:\/\/www.diarioimagen.net\/index.php?rest_route=%2Fwp%2Fv2%2Fmedia&parent=612545"}],"wp:term":[{"taxonomy":"category","embeddable":true,"href":"https:\/\/www.diarioimagen.net\/index.php?rest_route=%2Fwp%2Fv2%2Fcategories&post=612545"},{"taxonomy":"post_tag","embeddable":true,"href":"https:\/\/www.diarioimagen.net\/index.php?rest_route=%2Fwp%2Fv2%2Ftags&post=612545"}],"curies":[{"name":"wp","href":"https:\/\/api.w.org\/{rel}","templated":true}]}}