{"id":612636,"date":"2024-03-12T00:06:12","date_gmt":"2024-03-12T06:06:12","guid":{"rendered":"https:\/\/www.diarioimagen.net\/?p=612636"},"modified":"2024-03-12T23:35:57","modified_gmt":"2024-03-13T05:35:57","slug":"uaemex-expone-obra-la-divina-comedia-de-salvador-dali","status":"publish","type":"post","link":"https:\/\/www.diarioimagen.net\/?p=612636","title":{"rendered":"UAEM\u00e9x expone obra La Divina Comedia de Salvador Dal\u00ed"},"content":{"rendered":"<p>&nbsp;<\/p>\n<div id=\"attachment_612707\" style=\"width: 470px\" class=\"wp-caption aligncenter\"><a href=\"https:\/\/www.diarioimagen.net\/?attachment_id=612707\" rel=\"attachment wp-att-612707\"><img loading=\"lazy\" decoding=\"async\" aria-describedby=\"caption-attachment-612707\" class=\"size-full wp-image-612707\" src=\"https:\/\/www.diarioimagen.net\/wp-content\/uploads\/2024\/03\/uaem-dali.jpg\" alt=\"\" width=\"460\" height=\"270\" \/><\/a><p id=\"caption-attachment-612707\" class=\"wp-caption-text\">Estar\u00e1 abierta a la comunidad universitaria y p\u00fablico en general hasta el 30 de abril, en la Galer\u00eda Universitaria \u201cFernando Cano\u201d, ubicada en el Edificio de Rector\u00eda, en un horario de 10 a 18 horas, lunes a viernes, y de 10 a 17 horas, s\u00e1bados y domingos.<\/p><\/div>\n<p>&nbsp;<\/p>\n<p><strong>Toluca, Estado de M\u00e9xico.\u2014<\/strong> Conformada por 100 grabados originales elaborados por el artista catal\u00e1n Salvador Dal\u00ed, y mediante un montaje que busca resaltar el surrealismo del autor, la muestra \u201cLa Divina Comedia\u201d se expone, por primera vez, en la Galer\u00eda Universitaria \u201cFernando Cano\u201d de la Universidad Aut\u00f3noma del Estado de M\u00e9xico (UAEM\u00e9x).<\/p>\n<p>Las ilustraciones, basadas en el n\u00famero de cantos de la obra literaria cl\u00e1sica La Divina Comedia, del poeta italiano Dante Alighieri, fueron realizadas en acuarela, de las cuales, 34 corresponden al infierno, 33 al purgatorio y 33 al para\u00edso. Posteriormente, se realiz\u00f3 la transferencia de las acuarelas a grabado, con m\u00e1s de 3 mil tacos xilogr\u00e1ficos y cincelados. Por cada acuarela se utilizaron entre 30 y 40 planchas de madera.<\/p>\n<p>Entre 1949 y 1950, con motivo del 700 aniversario del nacimiento de Dante Alighieri, esta exposici\u00f3n fue encargada a Salvador Dal\u00ed por parte del gobierno italiano para elaborar una nueva versi\u00f3n ilustrada de La Divina Comedia. Para Dal\u00ed este libro era la obra cumbre de la literatura italiana. Antes de este encargo, \u00e9l contaba con un ejemplar que data del siglo XVIII, lleno de anotaciones y dibujos, deseando crear una nueva colecci\u00f3n a partir de esta.<\/p>\n<p>Tras la exposici\u00f3n de las piezas en 1954 se deriv\u00f3 una pol\u00e9mica entre la comunidad italiana, al ser un espa\u00f1ol qui\u00e9n ilustr\u00f3 una de las m\u00e1s grandes y representativas obras de la literatura italiana, por lo que se presion\u00f3 al gobierno para que se anulara el contrato.<\/p>\n<p>Si bien la obra no se concret\u00f3 con el gobierno italiano, entre 1959 y 1963, el gobierno Franc\u00e9s se interes\u00f3 por la colecci\u00f3n y se confeccion\u00f3 en Par\u00eds la edici\u00f3n de la Divina Comedia Ilustrada por Dal\u00ed y editada por Joseph Foret, presentada en seis vol\u00famenes con el texto traducido al franc\u00e9s.<\/p>\n<p>Esta obra se montar\u00e1, por primera ocasi\u00f3n, en la Universidad Aut\u00f3noma del Estado de M\u00e9xico durante una estancia corta. La directora de Patrimonio Cultural de la Aut\u00f3noma mexiquense, Yuriko Elizabeth Rojas Moriyama, explic\u00f3 que para su montaje fue tomada en cuenta la forma en c\u00f3mo est\u00e1 dividida, es decir, por los estadios de la Divina Comedia: el infierno, el purgatorio y el para\u00edso. A\u00f1adi\u00f3 que la museograf\u00eda se dise\u00f1\u00f3 para que las y los visitantes recorran la sala de la oscuridad a la luz es decir, del infierno al para\u00edso.<\/p>\n<p>\u201cEl montaje fue pensado a trav\u00e9s de la visi\u00f3n que Dal\u00ed ten\u00eda de la imagen de las formas, como la reconstrucci\u00f3n de la imagen de la cruz, donde aparecen fragmentos de madera. Adem\u00e1s, se generaron muros transl\u00facidos que dialogar\u00e1n con los tres estadios\u201d, abund\u00f3.<\/p>\n<p>Yuriko Rojas afirm\u00f3 que para la Aut\u00f3noma mexiquense recibir esta obra significa que las y los universitarios puedan conocer la obra de Salvador Dal\u00ed y de Dante Alighieri para generar un di\u00e1logo con ambos artistas.<\/p>\n<p>En tanto, Luis Alonso Dluz L\u00f3pez, director de la Fundaci\u00f3n Universitaria Iberoamericana M\u00e9xico, mencion\u00f3 que el montaje de la obra plasm\u00f3 el estilo de Dal\u00ed y la Divina Comedia, lo que permitir\u00e1 que llegue al mayor n\u00famero de visitantes, ya que el prop\u00f3sito es que el arte llegue a todos los sitios posibles.<\/p>\n<p>La Divina Comedia de Salvador Dal\u00ed estar\u00e1 abierta a la comunidad universitaria y p\u00fablico en general hasta el 30 de abril, en la Galer\u00eda Universitaria \u201cFernando Cano\u201d, ubicada en el Edificio Hist\u00f3rico de Rector\u00eda, en un horario de 10 a 18 horas, lunes a viernes, y de 10 a 17 horas, s\u00e1bados y domingos.<\/p>\n","protected":false},"excerpt":{"rendered":"<p>Conformada por 100 grabados originales elaborados por el artista catal\u00e1n Salvador Dal\u00ed, y mediante un montaje que busca resaltar el surrealismo del autor, la muestra \u201cLa Divina Comedia\u201d se expone, por primera vez, en la Galer\u00eda Universitaria \u201cFernando Cano\u201d de la Universidad Aut\u00f3noma del Estado de M\u00e9xico (UAEM\u00e9x).<\/p>\n","protected":false},"author":3,"featured_media":612707,"comment_status":"open","ping_status":"open","sticky":false,"template":"","format":"standard","meta":{"_monsterinsights_skip_tracking":false,"_monsterinsights_sitenote_active":false,"_monsterinsights_sitenote_note":"","_monsterinsights_sitenote_category":0,"footnotes":""},"categories":[5],"tags":[99581,42205,67878],"class_list":["post-612636","post","type-post","status-publish","format-standard","has-post-thumbnail","hentry","category-estado-de-mexico","tag-la-divina-comedia","tag-salvador-dali","tag-uaemex"],"_links":{"self":[{"href":"https:\/\/www.diarioimagen.net\/index.php?rest_route=\/wp\/v2\/posts\/612636","targetHints":{"allow":["GET"]}}],"collection":[{"href":"https:\/\/www.diarioimagen.net\/index.php?rest_route=\/wp\/v2\/posts"}],"about":[{"href":"https:\/\/www.diarioimagen.net\/index.php?rest_route=\/wp\/v2\/types\/post"}],"author":[{"embeddable":true,"href":"https:\/\/www.diarioimagen.net\/index.php?rest_route=\/wp\/v2\/users\/3"}],"replies":[{"embeddable":true,"href":"https:\/\/www.diarioimagen.net\/index.php?rest_route=%2Fwp%2Fv2%2Fcomments&post=612636"}],"version-history":[{"count":0,"href":"https:\/\/www.diarioimagen.net\/index.php?rest_route=\/wp\/v2\/posts\/612636\/revisions"}],"wp:featuredmedia":[{"embeddable":true,"href":"https:\/\/www.diarioimagen.net\/index.php?rest_route=\/wp\/v2\/media\/612707"}],"wp:attachment":[{"href":"https:\/\/www.diarioimagen.net\/index.php?rest_route=%2Fwp%2Fv2%2Fmedia&parent=612636"}],"wp:term":[{"taxonomy":"category","embeddable":true,"href":"https:\/\/www.diarioimagen.net\/index.php?rest_route=%2Fwp%2Fv2%2Fcategories&post=612636"},{"taxonomy":"post_tag","embeddable":true,"href":"https:\/\/www.diarioimagen.net\/index.php?rest_route=%2Fwp%2Fv2%2Ftags&post=612636"}],"curies":[{"name":"wp","href":"https:\/\/api.w.org\/{rel}","templated":true}]}}