{"id":612761,"date":"2024-03-13T00:05:44","date_gmt":"2024-03-13T06:05:44","guid":{"rendered":"https:\/\/www.diarioimagen.net\/?p=612761"},"modified":"2024-03-13T23:32:26","modified_gmt":"2024-03-14T05:32:26","slug":"javier-vilchis-garcia-estudiante-uaemex-destaca-oportunidades-academicas-de-realizar-movilidad-en-europa","status":"publish","type":"post","link":"https:\/\/www.diarioimagen.net\/?p=612761","title":{"rendered":"Javier Vilchis Garc\u00eda, estudiante UAEM\u00e9x, destaca oportunidades acad\u00e9micas de realizar movilidad en Europa"},"content":{"rendered":"<p><em>\u00a0<\/em><\/p>\n<ul>\n<li><strong><em>La experiencia tambi\u00e9n le ayud\u00f3 en su desarrollo personal, al conocer una cultura con costumbres, rutinas, medios de transporte y v\u00edas de acceso a lugares p\u00fablicos distintos<\/em><\/strong><\/li>\n<\/ul>\n<p><strong>\u00a0<\/strong><\/p>\n<div id=\"attachment_612850\" style=\"width: 470px\" class=\"wp-caption aligncenter\"><a href=\"https:\/\/www.diarioimagen.net\/?attachment_id=612850\" rel=\"attachment wp-att-612850\"><img loading=\"lazy\" decoding=\"async\" aria-describedby=\"caption-attachment-612850\" class=\"size-full wp-image-612850\" src=\"https:\/\/www.diarioimagen.net\/wp-content\/uploads\/2024\/03\/uaem-javier.jpg\" alt=\"\" width=\"460\" height=\"270\" \/><\/a><p id=\"caption-attachment-612850\" class=\"wp-caption-text\">Aprendi\u00f3 a adaptarse a nuevos entornos, a la vez que creaba conexiones con estudiantado de diversos lugares de Europa.<\/p><\/div>\n<p>&nbsp;<\/p>\n<p><strong>Toluca, Estado de M\u00e9xico.<\/strong>\u2014 Como parte de su desarrollo acad\u00e9mico, Javier Vilchis Garcia, alumno de la Facultad de Derecho de la Universidad Aut\u00f3noma del Estado de M\u00e9xico (UAEM\u00e9x), realiz\u00f3 su movilidad en la Facultad de Leyes de la Universidad de Tur\u00edn, donde super\u00f3 la dificultad de estudiar en otro idioma, en un sistema europeo de educaci\u00f3n superior.<\/p>\n<p>El joven universitario quien curs\u00f3 materias correspondientes al s\u00e9ptimo semestre de su carrera, destac\u00f3 las diferencias al tomar clase, respecto a su experiencia en M\u00e9xico. \u201cSon s\u00faper diferentes a lo que estamos acostumbrados. Un grupo de una clase es de m\u00e1s de 200 alumnos; son foros impresionantes\u201d, coment\u00f3<\/p>\n<p>Vilchis Garc\u00eda abund\u00f3 que la experiencia de movilidad tambi\u00e9n le ayud\u00f3 en su desarrollo personal, al conocer una cultura con costumbres, rutinas, medios de transporte y v\u00edas de acceso a lugares p\u00fablicos distintos. Aprendi\u00f3 a adaptarse a nuevos entornos, a la vez que creaba conexiones con estudiantado de diversos lugares en Europa.<\/p>\n<p>Asimismo, destac\u00f3 las conexiones sociales que tuvo all\u00e1 como pieza clave para superar los obst\u00e1culos que present\u00f3 con este choque cultural, describiendo la relaci\u00f3n con la persona que comparti\u00f3 habitaci\u00f3n en Tur\u00edn, un chico llamado Mateo, quien lo indujo a actividades sociales que lo adentraron m\u00e1s a la cultura italiana.<\/p>\n<p>El joven universitario sugiri\u00f3 al estudiantado de la UAEM\u00e9x que desea realizar movilidad acad\u00e9mica a realizarse las siguientes preguntas: \u00bfa d\u00f3nde quieres llegar?, \u00bfpara qu\u00e9 quieres estar ah\u00ed?; asimismo, mantener una mentalidad abierta, preparada para el cambio. \u201cYo lo que les he dicho siempre que es una cuesti\u00f3n de tu actitud, de querer afrontar los desaf\u00edos d\u00eda con d\u00eda\u201d, afirm\u00f3 Javier Vilchis Garc\u00eda.<\/p>\n<p>Por \u00faltimo alent\u00f3 a los estudiantes a adentrarse en un nuevo ambiente, as\u00ed como a \u201caventarte a este nuevo ecosistema de personas que son s\u00faper diferentes a ti, pero que en cuanto va superando la barrera del lenguaje, te das cuenta de todas las similitudes y de que se puede hacer una comunidad muy f\u00e1cil\u201d.<\/p>\n","protected":false},"excerpt":{"rendered":"<p>Como parte de su desarrollo acad\u00e9mico, Javier Vilchis Garcia, alumno de la Facultad de Derecho de la Universidad Aut\u00f3noma del Estado de M\u00e9xico (UAEM\u00e9x), realiz\u00f3 su movilidad en la Facultad de Leyes de la Universidad de Tur\u00edn, donde super\u00f3 la dificultad de estudiar en otro idioma, en un sistema europeo de educaci\u00f3n superior.<\/p>\n","protected":false},"author":3,"featured_media":612850,"comment_status":"open","ping_status":"open","sticky":false,"template":"","format":"standard","meta":{"_monsterinsights_skip_tracking":false,"_monsterinsights_sitenote_active":false,"_monsterinsights_sitenote_note":"","_monsterinsights_sitenote_category":0,"footnotes":""},"categories":[5],"tags":[5573,26421,67878],"class_list":["post-612761","post","type-post","status-publish","format-standard","has-post-thumbnail","hentry","category-estado-de-mexico","tag-europa","tag-movilidad","tag-uaemex"],"_links":{"self":[{"href":"https:\/\/www.diarioimagen.net\/index.php?rest_route=\/wp\/v2\/posts\/612761","targetHints":{"allow":["GET"]}}],"collection":[{"href":"https:\/\/www.diarioimagen.net\/index.php?rest_route=\/wp\/v2\/posts"}],"about":[{"href":"https:\/\/www.diarioimagen.net\/index.php?rest_route=\/wp\/v2\/types\/post"}],"author":[{"embeddable":true,"href":"https:\/\/www.diarioimagen.net\/index.php?rest_route=\/wp\/v2\/users\/3"}],"replies":[{"embeddable":true,"href":"https:\/\/www.diarioimagen.net\/index.php?rest_route=%2Fwp%2Fv2%2Fcomments&post=612761"}],"version-history":[{"count":0,"href":"https:\/\/www.diarioimagen.net\/index.php?rest_route=\/wp\/v2\/posts\/612761\/revisions"}],"wp:featuredmedia":[{"embeddable":true,"href":"https:\/\/www.diarioimagen.net\/index.php?rest_route=\/wp\/v2\/media\/612850"}],"wp:attachment":[{"href":"https:\/\/www.diarioimagen.net\/index.php?rest_route=%2Fwp%2Fv2%2Fmedia&parent=612761"}],"wp:term":[{"taxonomy":"category","embeddable":true,"href":"https:\/\/www.diarioimagen.net\/index.php?rest_route=%2Fwp%2Fv2%2Fcategories&post=612761"},{"taxonomy":"post_tag","embeddable":true,"href":"https:\/\/www.diarioimagen.net\/index.php?rest_route=%2Fwp%2Fv2%2Ftags&post=612761"}],"curies":[{"name":"wp","href":"https:\/\/api.w.org\/{rel}","templated":true}]}}