{"id":612769,"date":"2024-03-13T00:02:35","date_gmt":"2024-03-13T06:02:35","guid":{"rendered":"https:\/\/www.diarioimagen.net\/?p=612769"},"modified":"2024-03-13T00:37:20","modified_gmt":"2024-03-13T06:37:20","slug":"devolveremos-a-mexico-lo-que-nos-quito-morena-dice-la-candidata-aure-reynoso","status":"publish","type":"post","link":"https:\/\/www.diarioimagen.net\/?p=612769","title":{"rendered":"Devolveremos a M\u00e9xico lo que nos quit\u00f3 Morena, dice la candidata Aure Reynoso"},"content":{"rendered":"<p>&nbsp;<\/p>\n<ul>\n<li><em><strong>Aspirante a diputada federal por el Distrito 35<\/strong><\/em><\/li>\n<\/ul>\n<p><strong>\u00a0<\/strong><\/p>\n<h6>Arturo Baena<\/h6>\n<p>&nbsp;<\/p>\n<div id=\"attachment_612868\" style=\"width: 260px\" class=\"wp-caption alignright\"><a href=\"https:\/\/www.diarioimagen.net\/?attachment_id=612868\" rel=\"attachment wp-att-612868\"><img loading=\"lazy\" decoding=\"async\" aria-describedby=\"caption-attachment-612868\" class=\"wp-image-612868\" src=\"https:\/\/www.diarioimagen.net\/wp-content\/uploads\/2024\/03\/devolveremos-a-mexico.jpg\" alt=\"\" width=\"250\" height=\"424\" \/><\/a><p id=\"caption-attachment-612868\" class=\"wp-caption-text\">La candidata Aure Reynoso destac\u00f3 que el 2 de junio se juega el futuro de M\u00e9xico y, con el respaldo de la sociedad, se volver\u00e1 a recuperar lo que es del pueblo.<\/p><\/div>\n<p><strong>Valle de M\u00e9xico.\u2014<\/strong> Desde la m\u00e1xima tribuna de este pa\u00eds buscaremos que se regrese al pueblo de M\u00e9xico lo que Morena les quit\u00f3 a millones de familias y para ello necesitamos trabajar juntos y as\u00ed se cuente con los programas y proyectos que han desaparecido y eran funcionales.<\/p>\n<p>As\u00ed lo expres\u00f3 en entrevista Aure Reynoso, candidata a diputada federal por distrito 35, con cabecera en Tenancingo, de la alianza conformada por el PAN, PRI y PRD,\u00a0 luego de puntualizar que se retomar\u00e1 la construcci\u00f3n de mejores espacios educativos, empleo, apoyos al campo y se den mejores servicios de salud, entre otras que de un \u201cplumazo\u201d esfum\u00f3 el gobierno federal.<\/p>\n<p>Continuando con su campa\u00f1a para alcanzar una curul en el Congreso federal,\u00a0 Aure Reynos destac\u00f3 que \u201cel 2 de junio, se juega el futuro de M\u00e9xico y con el respaldo de la sociedad, se volver\u00e1 a recuperar lo que es del pueblo.<\/p>\n<p>Nunca m\u00e1s, permitiremos un Congreso y un gobierno autoritario\u201d, dijo. Por otra parte, la abanderada de la alianza opositora a la diputaci\u00f3n federal, destac\u00f3 la importancia de impulsar la visi\u00f3n y fuerza de los j\u00f3venes y asegurar su empoderamiento y as\u00ed retomar el buen camino que necesita este pa\u00eds.<\/p>\n<p>\u201cHay que devolver al pueblo, lo que es del pueblo. Ya basta de mentiras y enga\u00f1os que tanto da\u00f1o han hecho los que prometieron gasolina barata, medicamentos, seguridad social y p\u00fablica que tanto necesitan las y los mexicanos\u201d, reiter\u00f3.<\/p>\n<p>Finalmente, Aure Reynoso, hizo un llamado a la unidad y votar por la mejor propuesta y \u00e9sta, dijo, es la que encabeza, X\u00f3chitl G\u00e1lvez, candidata a la presidencia de M\u00e9xico por la coalici\u00f3n, \u201cFuerza y Coraz\u00f3n por M\u00e9xico\u201d, concluy\u00f3.<\/p>\n","protected":false},"excerpt":{"rendered":"<p>Desde la m\u00e1xima tribuna de este pa\u00eds buscaremos que se regrese al pueblo de M\u00e9xico lo que Morena les quit\u00f3 a millones de familias y para ello necesitamos trabajar juntos y as\u00ed se cuente con los programas y proyectos que han desaparecido y eran funcionales.<\/p>\n","protected":false},"author":3,"featured_media":612870,"comment_status":"open","ping_status":"open","sticky":false,"template":"","format":"standard","meta":{"_monsterinsights_skip_tracking":false,"_monsterinsights_sitenote_active":false,"_monsterinsights_sitenote_note":"","_monsterinsights_sitenote_category":0,"footnotes":""},"categories":[5],"tags":[70452,22551,91,211,362,34],"class_list":["post-612769","post","type-post","status-publish","format-standard","has-post-thumbnail","hentry","category-estado-de-mexico","tag-aspirante","tag-candidata","tag-pan","tag-prd","tag-pri","tag-valle-de-mexico"],"_links":{"self":[{"href":"https:\/\/www.diarioimagen.net\/index.php?rest_route=\/wp\/v2\/posts\/612769","targetHints":{"allow":["GET"]}}],"collection":[{"href":"https:\/\/www.diarioimagen.net\/index.php?rest_route=\/wp\/v2\/posts"}],"about":[{"href":"https:\/\/www.diarioimagen.net\/index.php?rest_route=\/wp\/v2\/types\/post"}],"author":[{"embeddable":true,"href":"https:\/\/www.diarioimagen.net\/index.php?rest_route=\/wp\/v2\/users\/3"}],"replies":[{"embeddable":true,"href":"https:\/\/www.diarioimagen.net\/index.php?rest_route=%2Fwp%2Fv2%2Fcomments&post=612769"}],"version-history":[{"count":0,"href":"https:\/\/www.diarioimagen.net\/index.php?rest_route=\/wp\/v2\/posts\/612769\/revisions"}],"wp:featuredmedia":[{"embeddable":true,"href":"https:\/\/www.diarioimagen.net\/index.php?rest_route=\/wp\/v2\/media\/612870"}],"wp:attachment":[{"href":"https:\/\/www.diarioimagen.net\/index.php?rest_route=%2Fwp%2Fv2%2Fmedia&parent=612769"}],"wp:term":[{"taxonomy":"category","embeddable":true,"href":"https:\/\/www.diarioimagen.net\/index.php?rest_route=%2Fwp%2Fv2%2Fcategories&post=612769"},{"taxonomy":"post_tag","embeddable":true,"href":"https:\/\/www.diarioimagen.net\/index.php?rest_route=%2Fwp%2Fv2%2Ftags&post=612769"}],"curies":[{"name":"wp","href":"https:\/\/api.w.org\/{rel}","templated":true}]}}