{"id":612771,"date":"2024-03-13T00:03:17","date_gmt":"2024-03-13T06:03:17","guid":{"rendered":"https:\/\/www.diarioimagen.net\/?p=612771"},"modified":"2024-03-13T00:38:00","modified_gmt":"2024-03-13T06:38:00","slug":"firma-el-gobierno-de-huixquilucan-convenio-educativo-con-el-cecytem","status":"publish","type":"post","link":"https:\/\/www.diarioimagen.net\/?p=612771","title":{"rendered":"Firma el gobierno de Huixquilucan convenio educativo con el CECyTEM"},"content":{"rendered":"<p>&nbsp;<\/p>\n<ul>\n<li><em><strong>Prestaci\u00f3n del servicio social<\/strong><\/em><\/li>\n<\/ul>\n<p>&nbsp;<\/p>\n<div id=\"attachment_612872\" style=\"width: 470px\" class=\"wp-caption aligncenter\"><a href=\"https:\/\/www.diarioimagen.net\/?attachment_id=612872\" rel=\"attachment wp-att-612872\"><img loading=\"lazy\" decoding=\"async\" aria-describedby=\"caption-attachment-612872\" class=\"size-full wp-image-612872\" src=\"https:\/\/www.diarioimagen.net\/wp-content\/uploads\/2024\/03\/firma-gobierno.jpg\" alt=\"\" width=\"460\" height=\"270\" \/><\/a><p id=\"caption-attachment-612872\" class=\"wp-caption-text\">El gobierno de Huixquilucan firm\u00f3\u00a0un convenio de colaboraci\u00f3n para la prestaci\u00f3n del servicio social con el Colegio de Estudios Cient\u00edficos y Tecnol\u00f3gicos del Estado de M\u00e9xico (CECyTEM).<\/p><\/div>\n<p>&nbsp;<\/p>\n<p><strong>Huixquilucan, Estado de M\u00e9xico.\u2014<\/strong> El gobierno de esta localidad firm\u00f3 un convenio de colaboraci\u00f3n para la prestaci\u00f3n del servicio social con el Colegio de Estudios Cient\u00edficos y Tecnol\u00f3gicos del Estado de M\u00e9xico (CECyTEM), ubicado en la comunidad de San Ram\u00f3n, para que los alumnos refuercen sus conocimientos y apliquen sus habilidades fuera de la escuela, con la finalidad de que se incorporen al mercado laboral mejor preparados y con la experiencia necesaria.<\/p>\n<p>Adem\u00e1s de signar este convenio que permitir\u00e1 que los alumnos puedan realizar su servicio social o pr\u00e1cticas profesionales en las distintas \u00e1reas que conforman la administraci\u00f3n, el gobierno municipal rehabilit\u00f3 las instalaciones del CECYTEM con mantenimiento de sus sanitarios, \u00e1reas verdes y recreativas e iluminaci\u00f3n, entre otras mejoras, para elevar el aprendizaje y desempe\u00f1o escolar de los estudiantes, al contar con espacios dignos y seguros.<\/p>\n<p>El gobierno de Huixquilucan destac\u00f3 que este acuerdo forma parte de las acciones que se llevan a cabo a favor de la educaci\u00f3n, al brindar a los estudiantes del municipio las herramientas suficientes para su desarrollo acad\u00e9mico y profesional.<\/p>\n<p>Cabe destacar que el plantel de Huixquilucan es el que cuenta con los est\u00e1ndares acad\u00e9micos m\u00e1s altos de los 60 CECYTEM que hay en el Estado de M\u00e9xico, coloc\u00e1ndose en el primer lugar a nivel estatal, por lo que dichas remodelaciones contribuyen a elevar la educaci\u00f3n, al contar con espacios que motiven a los alumnos a asistir a clases y, de esta forma, potencializar los conocimientos.<\/p>\n<p>Por su parte, representantes de la comunidad estudiantil, expresaron que contar con infraestructura educativa de calidad es primordial para que obtengan resultados acad\u00e9micos de excelencia y mejorar el inter\u00e9s de los alumnos y maestros por el aprendizaje.<\/p>\n<p>El contar con planteles dignos en Huixquilucan, mejora el rendimiento de la matr\u00edcula estudiantil, garantiza la seguridad durante la estancia de los alumnos y fomenta un ambiente sano para su desarrollo.<\/p>\n","protected":false},"excerpt":{"rendered":"<p>El gobierno de esta localidad firm\u00f3 un convenio de colaboraci\u00f3n para la prestaci\u00f3n del servicio social con el Colegio de Estudios Cient\u00edficos y Tecnol\u00f3gicos del Estado de M\u00e9xico (CECyTEM), ubicado en la comunidad de San Ram\u00f3n, para que los alumnos refuercen sus conocimientos y apliquen sus habilidades fuera de la escuela, con la finalidad de que se incorporen al mercado laboral mejor preparados y con la experiencia necesaria.<\/p>\n","protected":false},"author":3,"featured_media":612872,"comment_status":"open","ping_status":"open","sticky":false,"template":"","format":"standard","meta":{"_monsterinsights_skip_tracking":false,"_monsterinsights_sitenote_active":false,"_monsterinsights_sitenote_note":"","_monsterinsights_sitenote_category":0,"footnotes":""},"categories":[5],"tags":[13900,43675,1097],"class_list":["post-612771","post","type-post","status-publish","format-standard","has-post-thumbnail","hentry","category-estado-de-mexico","tag-cecytem","tag-estado-de-mexico","tag-huixquilucan"],"_links":{"self":[{"href":"https:\/\/www.diarioimagen.net\/index.php?rest_route=\/wp\/v2\/posts\/612771","targetHints":{"allow":["GET"]}}],"collection":[{"href":"https:\/\/www.diarioimagen.net\/index.php?rest_route=\/wp\/v2\/posts"}],"about":[{"href":"https:\/\/www.diarioimagen.net\/index.php?rest_route=\/wp\/v2\/types\/post"}],"author":[{"embeddable":true,"href":"https:\/\/www.diarioimagen.net\/index.php?rest_route=\/wp\/v2\/users\/3"}],"replies":[{"embeddable":true,"href":"https:\/\/www.diarioimagen.net\/index.php?rest_route=%2Fwp%2Fv2%2Fcomments&post=612771"}],"version-history":[{"count":0,"href":"https:\/\/www.diarioimagen.net\/index.php?rest_route=\/wp\/v2\/posts\/612771\/revisions"}],"wp:featuredmedia":[{"embeddable":true,"href":"https:\/\/www.diarioimagen.net\/index.php?rest_route=\/wp\/v2\/media\/612872"}],"wp:attachment":[{"href":"https:\/\/www.diarioimagen.net\/index.php?rest_route=%2Fwp%2Fv2%2Fmedia&parent=612771"}],"wp:term":[{"taxonomy":"category","embeddable":true,"href":"https:\/\/www.diarioimagen.net\/index.php?rest_route=%2Fwp%2Fv2%2Fcategories&post=612771"},{"taxonomy":"post_tag","embeddable":true,"href":"https:\/\/www.diarioimagen.net\/index.php?rest_route=%2Fwp%2Fv2%2Ftags&post=612771"}],"curies":[{"name":"wp","href":"https:\/\/api.w.org\/{rel}","templated":true}]}}