{"id":612923,"date":"2024-03-14T00:01:51","date_gmt":"2024-03-14T06:01:51","guid":{"rendered":"https:\/\/www.diarioimagen.net\/?p=612923"},"modified":"2024-03-14T01:32:01","modified_gmt":"2024-03-14T07:32:01","slug":"liderazgos-priistas-en-edomex-preparan-sus-maletas-para-sumarse-a-otros-partidos","status":"publish","type":"post","link":"https:\/\/www.diarioimagen.net\/?p=612923","title":{"rendered":"Liderazgos priistas en Edomex preparan sus maletas para sumarse a otros partidos"},"content":{"rendered":"<p>&nbsp;<\/p>\n<ul>\n<li><em><strong>Inconformidad en designaciones de candidaturas<\/strong><\/em><\/li>\n<\/ul>\n<p>&nbsp;<\/p>\n<div id=\"attachment_613038\" style=\"width: 470px\" class=\"wp-caption aligncenter\"><a href=\"https:\/\/www.diarioimagen.net\/?attachment_id=613038\" rel=\"attachment wp-att-613038\"><img loading=\"lazy\" decoding=\"async\" aria-describedby=\"caption-attachment-613038\" class=\"size-full wp-image-613038\" src=\"https:\/\/www.diarioimagen.net\/wp-content\/uploads\/2024\/03\/liderazgos-priistas.jpg\" alt=\"\" width=\"460\" height=\"270\" \/><\/a><p id=\"caption-attachment-613038\" class=\"wp-caption-text\">Militantes del tricolor han hecho sus maletas para irse a formar parte de la Cuarta Transformaci\u00f3n, como ha sucedido en Toluca.<\/p><\/div>\n<p>&nbsp;<\/p>\n<p><strong>Valle de M\u00e9xico.\u2014<\/strong> En municipios mexiquenses, liderazgos priistas est\u00e1n preparando maletas para sumarse a otros partidos como son el PVEM, PT y Morena, por el papel que realiza la presidenta del PRI estatal Ana Lilia Herrera.<\/p>\n<p>As\u00ed lo denunciaron militantes, simpatizantes y consejeros pol\u00edticos de ese instituto pol\u00edtico, en voz de la l\u00edder social Azucena Romero, luego de destacar que \u201cla diputada federal ha doblado las manos en cuanto a las posiciones de la alianza con el PAN y PRD, adem\u00e1s de que va un paso atr\u00e1s en las designaciones a cargos de elecci\u00f3n popular\u201d..<\/p>\n<p>Por incre\u00edble que parezca, afirman, \u201cel partido del sol azteca tendr\u00e1 casi las mismas posiciones que el PRI en la conformaci\u00f3n de las planillas de los ayuntamientos\u201d, reiteraron.<\/p>\n<p>Afirmaron que a unos d\u00edas de que se den a conocer los listados oficiales de las planillas municipales para encabezar los ayuntamientos, as\u00ed c\u00f3mo las candidatas y candidatos a diputados locales del Estado de M\u00e9xico, miles de militantes del tricolor han hecho sus maletas para irse a formar parte de la Cuarta Transformaci\u00f3n, como ha sucedido en Toluca.<\/p>\n<p>\u201cEl motivo de est\u00e1s decisiones es que han filtrado desde el PRI del Estado de M\u00e9xico los listados de qui\u00e9nes encabezar\u00e1n dichas planillas y diputaciones, el enojo no se hizo esperar por la militancia pri\u00edsta en esta entidad, ya que aparecen nombres encabezado dichos puestos que en muchos de los casos no representan los liderazgos pol\u00edticos que por muchos a\u00f1os le han dado la fuerza al PRI mexiquense\u201d, reiteraron.<\/p>\n<p>Finalmente, los quejosos destacaron que \u201choy es el momento de voltear a ver a quienes garanticen triunfos electorales, pues de lo contrario, seguir\u00e1 la fuga de priistas\u201d, concluyeron.<\/p>\n","protected":false},"excerpt":{"rendered":"<p>En municipios mexiquenses, liderazgos priistas est\u00e1n preparando maletas para sumarse a otros partidos como son el PVEM, PT y Morena, por el papel que realiza la presidenta del PRI estatal Ana Lilia Herrera.<\/p>\n","protected":false},"author":3,"featured_media":613038,"comment_status":"open","ping_status":"open","sticky":false,"template":"","format":"standard","meta":{"_monsterinsights_skip_tracking":false,"_monsterinsights_sitenote_active":false,"_monsterinsights_sitenote_note":"","_monsterinsights_sitenote_category":0,"footnotes":""},"categories":[5],"tags":[96371,99593,34],"class_list":["post-612923","post","type-post","status-publish","format-standard","has-post-thumbnail","hentry","category-estado-de-mexico","tag-preparan","tag-sumarse","tag-valle-de-mexico"],"_links":{"self":[{"href":"https:\/\/www.diarioimagen.net\/index.php?rest_route=\/wp\/v2\/posts\/612923","targetHints":{"allow":["GET"]}}],"collection":[{"href":"https:\/\/www.diarioimagen.net\/index.php?rest_route=\/wp\/v2\/posts"}],"about":[{"href":"https:\/\/www.diarioimagen.net\/index.php?rest_route=\/wp\/v2\/types\/post"}],"author":[{"embeddable":true,"href":"https:\/\/www.diarioimagen.net\/index.php?rest_route=\/wp\/v2\/users\/3"}],"replies":[{"embeddable":true,"href":"https:\/\/www.diarioimagen.net\/index.php?rest_route=%2Fwp%2Fv2%2Fcomments&post=612923"}],"version-history":[{"count":0,"href":"https:\/\/www.diarioimagen.net\/index.php?rest_route=\/wp\/v2\/posts\/612923\/revisions"}],"wp:featuredmedia":[{"embeddable":true,"href":"https:\/\/www.diarioimagen.net\/index.php?rest_route=\/wp\/v2\/media\/613038"}],"wp:attachment":[{"href":"https:\/\/www.diarioimagen.net\/index.php?rest_route=%2Fwp%2Fv2%2Fmedia&parent=612923"}],"wp:term":[{"taxonomy":"category","embeddable":true,"href":"https:\/\/www.diarioimagen.net\/index.php?rest_route=%2Fwp%2Fv2%2Fcategories&post=612923"},{"taxonomy":"post_tag","embeddable":true,"href":"https:\/\/www.diarioimagen.net\/index.php?rest_route=%2Fwp%2Fv2%2Ftags&post=612923"}],"curies":[{"name":"wp","href":"https:\/\/api.w.org\/{rel}","templated":true}]}}