{"id":612925,"date":"2024-03-14T00:04:04","date_gmt":"2024-03-14T06:04:04","guid":{"rendered":"https:\/\/www.diarioimagen.net\/?p=612925"},"modified":"2024-03-14T01:33:48","modified_gmt":"2024-03-14T07:33:48","slug":"a-la-carcel-quien-desvie-recursos-publicos-senala-mariela-gutierrez","status":"publish","type":"post","link":"https:\/\/www.diarioimagen.net\/?p=612925","title":{"rendered":"A la c\u00e1rcel, quien desv\u00ede recursos p\u00fablicos, se\u00f1ala Mariela Guti\u00e9rrez"},"content":{"rendered":"<p>&nbsp;<\/p>\n<ul>\n<li><em><strong>Candidata morenista a senadora<\/strong><\/em><\/li>\n<\/ul>\n<p>&nbsp;<\/p>\n<div id=\"attachment_613044\" style=\"width: 470px\" class=\"wp-caption aligncenter\"><a href=\"https:\/\/www.diarioimagen.net\/?attachment_id=613044\" rel=\"attachment wp-att-613044\"><img loading=\"lazy\" decoding=\"async\" aria-describedby=\"caption-attachment-613044\" class=\"size-full wp-image-613044\" src=\"https:\/\/www.diarioimagen.net\/wp-content\/uploads\/2024\/03\/a-la-carcel.jpg\" alt=\"\" width=\"460\" height=\"270\" \/><\/a><p id=\"caption-attachment-613044\" class=\"wp-caption-text\">Mariela Guti\u00e9rrez Escalante se\u00f1al\u00f3 que desea ser senadora del pueblo para apoyar las reformas municipalistas que impulse Sheinbaum Pardo cuando llegue a la Presidencia.<\/p><\/div>\n<p>&nbsp;<\/p>\n<p><strong>Cuautitl\u00e1n, Estado de M\u00e9xico.\u2014<\/strong> Mariela Guti\u00e9rrez Escalante, candidata a senadora, adelant\u00f3 que apoyar\u00e1 la reforma municipalista de la abanderada presidencial Claudia Sheinbaum para garantizar un mayor apoyo a los municipios, pero tambi\u00e9n para sancionar a los alcaldes que no cumplan con su trabajo o no utilicen correctamente los recursos p\u00fablicos.<\/p>\n<p>Durante un ejercicio de di\u00e1logo con artesanos, comerciantes y empresarios de este municipio, un vecino de Melchor Ocampo le plante\u00f3 que en su demarcaci\u00f3n faltan obras p\u00fablicas, de manera que Guti\u00e9rrez Escalante indic\u00f3 que desea ser senadora del pueblo para apoyar las reformas municipalistas que impulse Sheinbaum Pardo cuando llegue a la Presidencia.<\/p>\n<p>Record\u00f3 que la candidata\u00a0 presidencial conoce de las necesidades de los ayuntamientos porque encabez\u00f3 la alcald\u00eda Tlalpan de la Ciudad de M\u00e9xico, por lo que su reforma tiene por objetivo apoyar las tareas de los municipios.<\/p>\n<p>Adem\u00e1s, destac\u00f3 que es necesario que con las modificaciones se sancione a los presidentes municipales que no cumplan con sus responsabilidades o utilicen los recursos p\u00fablicos con fines personales.<\/p>\n<p>Record\u00f3 que, como alcaldesa de Tec\u00e1mac, 36 por ciento del presupuesto municipal se invirti\u00f3 en infraestructura.<\/p>\n","protected":false},"excerpt":{"rendered":"<p>Mariela Guti\u00e9rrez Escalante, candidata a senadora, adelant\u00f3 que apoyar\u00e1 la reforma municipalista de la abanderada presidencial Claudia Sheinbaum para garantizar un mayor apoyo a los municipios, pero tambi\u00e9n para sancionar a los alcaldes que no cumplan con su trabajo o no utilicen correctamente los recursos p\u00fablicos.<\/p>\n","protected":false},"author":3,"featured_media":613044,"comment_status":"open","ping_status":"open","sticky":false,"template":"","format":"standard","meta":{"_monsterinsights_skip_tracking":false,"_monsterinsights_sitenote_active":false,"_monsterinsights_sitenote_note":"","_monsterinsights_sitenote_category":0,"footnotes":""},"categories":[5],"tags":[13206,681,43675,20477],"class_list":["post-612925","post","type-post","status-publish","format-standard","has-post-thumbnail","hentry","category-estado-de-mexico","tag-carcel","tag-cuautitlan","tag-estado-de-mexico","tag-recursos"],"_links":{"self":[{"href":"https:\/\/www.diarioimagen.net\/index.php?rest_route=\/wp\/v2\/posts\/612925","targetHints":{"allow":["GET"]}}],"collection":[{"href":"https:\/\/www.diarioimagen.net\/index.php?rest_route=\/wp\/v2\/posts"}],"about":[{"href":"https:\/\/www.diarioimagen.net\/index.php?rest_route=\/wp\/v2\/types\/post"}],"author":[{"embeddable":true,"href":"https:\/\/www.diarioimagen.net\/index.php?rest_route=\/wp\/v2\/users\/3"}],"replies":[{"embeddable":true,"href":"https:\/\/www.diarioimagen.net\/index.php?rest_route=%2Fwp%2Fv2%2Fcomments&post=612925"}],"version-history":[{"count":0,"href":"https:\/\/www.diarioimagen.net\/index.php?rest_route=\/wp\/v2\/posts\/612925\/revisions"}],"wp:featuredmedia":[{"embeddable":true,"href":"https:\/\/www.diarioimagen.net\/index.php?rest_route=\/wp\/v2\/media\/613044"}],"wp:attachment":[{"href":"https:\/\/www.diarioimagen.net\/index.php?rest_route=%2Fwp%2Fv2%2Fmedia&parent=612925"}],"wp:term":[{"taxonomy":"category","embeddable":true,"href":"https:\/\/www.diarioimagen.net\/index.php?rest_route=%2Fwp%2Fv2%2Fcategories&post=612925"},{"taxonomy":"post_tag","embeddable":true,"href":"https:\/\/www.diarioimagen.net\/index.php?rest_route=%2Fwp%2Fv2%2Ftags&post=612925"}],"curies":[{"name":"wp","href":"https:\/\/api.w.org\/{rel}","templated":true}]}}