{"id":612951,"date":"2024-03-14T00:04:58","date_gmt":"2024-03-14T06:04:58","guid":{"rendered":"https:\/\/www.diarioimagen.net\/?p=612951"},"modified":"2024-03-14T00:25:00","modified_gmt":"2024-03-14T06:25:00","slug":"un-gobierno-conchudo-2","status":"publish","type":"post","link":"https:\/\/www.diarioimagen.net\/?p=612951","title":{"rendered":"Un gobierno conchudo"},"content":{"rendered":"<h2>De pe a pa<\/h2>\n<h5>Alberto Vieyra G.<\/h5>\n<p>&nbsp;<\/p>\n<p>\u201cNo hay cosas graves en el pa\u00eds\u201d, fue la conchuda frase de AMLO el 18 de febrero pasado cuando vacacionaba en su rancho ese que tiene un nombrecito de la guayaba y la tostada, en Palenque, Chiapas.<\/p>\n<p>\u00bfQu\u00e9 no est\u00e1n pasando cosas graves en la naci\u00f3n azteca?<\/p>\n<p>Caray, si se le est\u00e1 cayendo el pa\u00eds a pedazos y no hay cosas graves que atender. Vaya conchudez de un gobierno insensible al dolor humano que viven cientos de familias a raz\u00f3n de la barbarie de sangre que dejan a su paso las bandas criminales en masacres, extorsiones, feminicidios, asaltos a mano armada en carreteras, en casas habitaci\u00f3n y no se diga en el transporte, pero para el Presidente \u201cno hay cosas graves en el pa\u00eds\u201d, diciendo que sus adversarios \u201clo magnifican todo\u201d.<\/p>\n<p>Esa conchuda frasecita, m\u00e1s la de los \u201cabrazos,\u00a0 no balazos\u201d y aquella ultrajante frase a la dignidad humana de que \u201cMorena obtiene sus votos de la gente m\u00e1s ignorante y analfabeta\u201d, se est\u00e1n convirtiendo ya en una debacle electoral anunciada contra Morena y desde ahora AMLO la justifica como \u201cun <em>golpe de Estado t\u00e9cnico<\/em> con un fraude electoral desde los tribunales\u201d.<\/p>\n<p>\u00bfGolpe de Estado t\u00e9cnico y un fraude electoral a cargo de la oposici\u00f3n? \u00a1A chirri\u00f3n, a chirri\u00f3n! \u00bfPues qu\u00e9 no es el gobierno de AMLO el que est\u00e1 operando una elecci\u00f3n de Estado y a pesar de ello, los diagn\u00f3sticos que se tienen en Palacio Nacional son catastr\u00f3ficos?<\/p>\n<p>Veamos: En el escritorio del Presidente figura la aplastante derrota que sufrir\u00e1 en su principal basti\u00f3n, la Ciudad de M\u00e9xico que la izquierda ha mal gobernado desde 1997, pero que en el 2021 comenz\u00f3 su mal fario perdiendo la mayor\u00eda de las alcald\u00edas y el Congreso de la Uni\u00f3n.<\/p>\n<p>Perversamente se asegura que Morena arrasar\u00e1 con hasta un 70% de la votaci\u00f3n en la mayor parte del pa\u00eds, pero la realidad que tienen en Palacio Nacional es muy distinta porque se pierden las gubernaturas de Morelos, Ciudad de M\u00e9xico y estados que mal gobernados por Morena son un aut\u00e9ntico polvor\u00edn pol\u00edtico y social como Guerrero, Chiapas, Zacatecas, Michoac\u00e1n, Colima, la dos Baja California, Sonora, Chihuahua, Sinaloa, Coahuila, y sin faltar el Estado de M\u00e9xico donde Morena est\u00e1 creando un clima pol\u00edtico de terror en contra de sus opositores que gobiernan la mayor\u00eda de los municipios.<\/p>\n<p>En el Edomex, el PRI gobierna en 50 de los 125 ayuntamientos, Morena en 39, el PAN en 19, el PRD en 7 y el resto est\u00e1 en poder de la \u201cchiquillada\u201d.<\/p>\n<p>Sospechosamente, una mano pachona y metichona est\u00e1 meciendo la cuna en el Edomex que se ha convertido en uno de los estados m\u00e1s macabros del pa\u00eds, para amenazar a posibles candidatos a los que les est\u00e1 buscando hasta el m\u00ednimo aseg\u00fan para sacarlos de la contienda y los est\u00e1 exhibiendo en anuncios panor\u00e1micos que no cuestan 10 centavos. El caso es desprestigiarlos para apoderarse de esos bastiones. Pero, la cuesti\u00f3n es que para AMLO \u201cno suceden cosas graves en el pa\u00eds\u201d. \u00bfQuerr\u00e1 que ese M\u00e9xico bronco le grite en coro \u201cya vete a tu rancho porque no diste el ancho\u201d?<\/p>\n<p>Es precisamente la infame estrategia de \u201clos abrazos, no balazos\u201d la que tiene a M\u00e9xico hundido en la violencia con m\u00e1s de 180 mil cr\u00edmenes dolosos, algo que no ocurr\u00eda en los \u00faltimos 100 a\u00f1os en M\u00e9xico y si a ello le agregamos los 750 mil muertos por la negligencia criminal en la pandemia del coronavirus y los m\u00e1s de 50 mil desaparecidos en este sexenio, pues entonces nos encontramos ante un gobierno fallido e in\u00fatil, que defraud\u00f3 la esperanza de m\u00e1s de 30 millones de compatriotas que por \u00e9l votaron.<\/p>\n<p>Ahora, AMLO sabe que gobernar con ciencia pol\u00edtica no es cosa de ni\u00f1os, el poder desgasta y a AMLO se lo chup\u00f3 la bruja en el poder por no poder.<\/p>\n<p><em><a href=\"mailto:info@agenciamn.com\" target=\"_blank\" rel=\"noopener noreferrer\">info@agenciamn.com<\/a><\/em><\/p>\n","protected":false},"excerpt":{"rendered":"<p><span style=\"color: #005497;\"><strong>Alberto Vieyra G.<\/strong><\/span><\/p>\n","protected":false},"author":3,"featured_media":0,"comment_status":"open","ping_status":"open","sticky":false,"template":"","format":"standard","meta":{"_monsterinsights_skip_tracking":false,"_monsterinsights_sitenote_active":false,"_monsterinsights_sitenote_note":"","_monsterinsights_sitenote_category":0,"footnotes":""},"categories":[4596],"tags":[43697,4597,43674],"class_list":["post-612951","post","type-post","status-publish","format-standard","hentry","category-alberto-vieyra-g","tag-alberto-vieyra-g","tag-de-pe-a-pa","tag-opinion"],"_links":{"self":[{"href":"https:\/\/www.diarioimagen.net\/index.php?rest_route=\/wp\/v2\/posts\/612951","targetHints":{"allow":["GET"]}}],"collection":[{"href":"https:\/\/www.diarioimagen.net\/index.php?rest_route=\/wp\/v2\/posts"}],"about":[{"href":"https:\/\/www.diarioimagen.net\/index.php?rest_route=\/wp\/v2\/types\/post"}],"author":[{"embeddable":true,"href":"https:\/\/www.diarioimagen.net\/index.php?rest_route=\/wp\/v2\/users\/3"}],"replies":[{"embeddable":true,"href":"https:\/\/www.diarioimagen.net\/index.php?rest_route=%2Fwp%2Fv2%2Fcomments&post=612951"}],"version-history":[{"count":0,"href":"https:\/\/www.diarioimagen.net\/index.php?rest_route=\/wp\/v2\/posts\/612951\/revisions"}],"wp:attachment":[{"href":"https:\/\/www.diarioimagen.net\/index.php?rest_route=%2Fwp%2Fv2%2Fmedia&parent=612951"}],"wp:term":[{"taxonomy":"category","embeddable":true,"href":"https:\/\/www.diarioimagen.net\/index.php?rest_route=%2Fwp%2Fv2%2Fcategories&post=612951"},{"taxonomy":"post_tag","embeddable":true,"href":"https:\/\/www.diarioimagen.net\/index.php?rest_route=%2Fwp%2Fv2%2Ftags&post=612951"}],"curies":[{"name":"wp","href":"https:\/\/api.w.org\/{rel}","templated":true}]}}