{"id":612959,"date":"2024-03-14T00:03:01","date_gmt":"2024-03-14T06:03:01","guid":{"rendered":"https:\/\/www.diarioimagen.net\/?p=612959"},"modified":"2024-03-14T00:31:55","modified_gmt":"2024-03-14T06:31:55","slug":"once-anos-del-papa-francisco","status":"publish","type":"post","link":"https:\/\/www.diarioimagen.net\/?p=612959","title":{"rendered":"Once a\u00f1os del papa Francisco"},"content":{"rendered":"<h2>Espacio Electoral<\/h2>\n<h5>Eleazar Flores<\/h5>\n<p>&nbsp;<\/p>\n<p><strong>ABRE LA IGLESIA-.<\/strong> Como la instituci\u00f3n gremial m\u00e1s TRADICIONALISTA del mundo, dentro de la cual el CATOLICISMO a\u00fan es mayor\u00eda, no obstante su debilitamiento, el PAPA FRANCISCO lleg\u00f3 identificado como INNOVADOR, enfrent\u00e1ndose de entrada\u00a0 a los CONSERVADORES dentro de la poderosa \u00e9lite clerical.<\/p>\n<p>Esa \u00e9lite p\u00farpura, por DISCIPLINA, ha aceptado algunas innovaciones, siendo las m\u00e1s publicitadas la COMPRENSI\u00d3N y TOLERANCIA hacia la comunidad homosexual y sus variantes cada vez mayores as\u00ed como la paulatina incorporaci\u00f3n de la mujer a participar en los oficios lit\u00fargicos, como la MISA.<\/p>\n<p>Ha sido un error MASCULINIZAR a la Iglesia cat\u00f3lica, ha dicho el primer argentino ungido Papa el 13 de marzo de 2013, luego de una segunda vuelta y hasta el segundo d\u00eda del c\u00f3nclave, lo que habla del trabajo para escoger sucesor de Benedicto XVI, que decidi\u00f3 renunciar inesperadamente.<\/p>\n<p>Este contenido, ajeno a la vor\u00e1gine violenta nacional que padecemos no obstante, la alegr\u00eda percibida s\u00f3lo por el ojo presidencial,\u00a0 viene por el d\u00e9cimo primer aniversario de la Consagraci\u00f3n de Jorge Mario Bergoglio como PAPA, fecha importante por el protagonismo de la Iglesia en varios pa\u00edses del mundo, como Nicaragua, con obispos expulsados o M\u00e9xico proponiendo medidas para combatir la INSEGURIDAD.<\/p>\n<p>Inseguridad preocupante en M\u00e9xico, donde dentro de las v\u00edctimas de la delincuencia han sido asesinados m\u00e1s de una decena de sacerdotes y de entre estos DOS JESU\u00cdTAS en Sonora, cuyos trabajos en la b\u00fasqueda de culpables siguen en cero. Congregaci\u00f3n JESU\u00cdTA considerada por los estudiosos del tema como el CEREBRO de la Iglesia cat\u00f3lica, a la que casualmente pertenece el PAPA FRANCISCO.<\/p>\n<p>Pero tambi\u00e9n en Ucrania, donde el Papa pide a pol\u00edticos de este pa\u00eds levantar bandera blanca, anuncio mal recibido por la opini\u00f3n internacional, excepto Putin, que seguramente fue el \u00fanico en aplaudir esta medida, no obstante imperar el criterio mayoritario de la lucha desigual entre Ucrania y Rusia, que ha cobrado miles de vidas, lo m\u00e1s condenable, de ni\u00f1os.<\/p>\n<p>De cardenal argentino, Bergoglio ascendi\u00f3 a Papa de la Iglesia, pero ser\u00eda un sacrilegio intentar escribir todo en un espacio tan reducido para dos asuntos tan importantes y amplios, pero procede dejar registro del d\u00e9cimo primer aniversario del primer latinoamericano que llega a tan importante, pero tambi\u00e9n delicado cargo.<\/p>\n<p>Incluso pasa a segundo t\u00e9rmino el considerable n\u00famero de CARDENALES consagrados -algunos mexicanos- por el papa Francisco y que por ese simple hecho forman parte del COLEGIO CARDENALICIO, \u00fanico facultado para asistir con voz y voto para elegir a un nuevo Papa.<\/p>\n<p>No todos, solamente aquellos que no hayan rebasado los 75 a\u00f1os de edad, por lo que en este caso, el cardenal mexiquense Felipe Arizmendi podr\u00eda asistir, pero no votar.<\/p>\n<p>El hecho de estar presente ya pasar\u00eda a la historia.<\/p>\n<p><em><a href=\"mailto:elefa44@gmail.com\" target=\"_blank\" rel=\"noopener noreferrer\">elefa44@gmail.com<\/a><\/em><\/p>\n","protected":false},"excerpt":{"rendered":"<p><span style=\"color: #005497;\"><strong>Eleazar Flores<\/strong><\/span><\/p>\n","protected":false},"author":3,"featured_media":0,"comment_status":"open","ping_status":"open","sticky":false,"template":"","format":"standard","meta":{"_monsterinsights_skip_tracking":false,"_monsterinsights_sitenote_active":false,"_monsterinsights_sitenote_note":"","_monsterinsights_sitenote_category":0,"footnotes":""},"categories":[81743],"tags":[81744,81776,43674],"class_list":["post-612959","post","type-post","status-publish","format-standard","hentry","category-eleazar-flores","tag-eleazar-flores","tag-espacio-electoral","tag-opinion"],"_links":{"self":[{"href":"https:\/\/www.diarioimagen.net\/index.php?rest_route=\/wp\/v2\/posts\/612959","targetHints":{"allow":["GET"]}}],"collection":[{"href":"https:\/\/www.diarioimagen.net\/index.php?rest_route=\/wp\/v2\/posts"}],"about":[{"href":"https:\/\/www.diarioimagen.net\/index.php?rest_route=\/wp\/v2\/types\/post"}],"author":[{"embeddable":true,"href":"https:\/\/www.diarioimagen.net\/index.php?rest_route=\/wp\/v2\/users\/3"}],"replies":[{"embeddable":true,"href":"https:\/\/www.diarioimagen.net\/index.php?rest_route=%2Fwp%2Fv2%2Fcomments&post=612959"}],"version-history":[{"count":0,"href":"https:\/\/www.diarioimagen.net\/index.php?rest_route=\/wp\/v2\/posts\/612959\/revisions"}],"wp:attachment":[{"href":"https:\/\/www.diarioimagen.net\/index.php?rest_route=%2Fwp%2Fv2%2Fmedia&parent=612959"}],"wp:term":[{"taxonomy":"category","embeddable":true,"href":"https:\/\/www.diarioimagen.net\/index.php?rest_route=%2Fwp%2Fv2%2Fcategories&post=612959"},{"taxonomy":"post_tag","embeddable":true,"href":"https:\/\/www.diarioimagen.net\/index.php?rest_route=%2Fwp%2Fv2%2Ftags&post=612959"}],"curies":[{"name":"wp","href":"https:\/\/api.w.org\/{rel}","templated":true}]}}