{"id":612961,"date":"2024-03-14T00:01:41","date_gmt":"2024-03-14T06:01:41","guid":{"rendered":"https:\/\/www.diarioimagen.net\/?p=612961"},"modified":"2024-03-14T00:33:48","modified_gmt":"2024-03-14T06:33:48","slug":"corrupcion-carcelaria","status":"publish","type":"post","link":"https:\/\/www.diarioimagen.net\/?p=612961","title":{"rendered":"Corrupci\u00f3n carcelaria"},"content":{"rendered":"<h2>Precios y desprecios<\/h2>\n<h5>Freddy S\u00e1nchez<\/h5>\n<p>&nbsp;<\/p>\n<p>La \u201cmega c\u00e1rcel\u201d que propuso X\u00f3chitl G\u00e1lvez sigue dando mucho de qu\u00e9 hablar.<\/p>\n<p>Y dos cuestiones se contradicen por encima de lo dem\u00e1s que se menciona sobre el prop\u00f3sito expuesto por la candidata del frente opositor como parte de su estrategia de seguridad en caso de ser la ganadora en las elecciones del dos de junio.<\/p>\n<p>Por una lado, lo de esa gran prisi\u00f3n a donde se recluir\u00eda a los reos sentenciados (como lo plante\u00f3 X\u00f3chitl), y por\u00a0 el otro, la aseveraci\u00f3n de que lo necesario es cambiar lo que son actualmente los centros de reclusi\u00f3n en el pa\u00eds.<\/p>\n<p>O sea que en opini\u00f3n de algunos cr\u00edticos de lo que ha dicho sobre una \u201cmega c\u00e1rcel\u201d, la aspirante presidencial opositora, esa idea carece de buena visi\u00f3n en virtud a que resultar\u00eda inviable concentrar en un penal a internos de lugares remotos.<\/p>\n<p>Y no s\u00f3lo eso, los que cuestionan el plan de la se\u00f1ora G\u00e1lvez se refieren tambi\u00e9n a los manejos de corrupci\u00f3n que supuestamente\u00a0 implic\u00f3 crear c\u00e1rceles de alta seguridad con intervenci\u00f3n de capital privado en tiempos de Felipe Calder\u00f3n y por lo mismo se afirma que se estar\u00eda repitiendo una pol\u00edtica p\u00fablica s\u00f3lo para beneficiar a los amigos de los que detentan el poder.<\/p>\n<p>De ah\u00ed que se insista en decir que la soluci\u00f3n est\u00e1 en modificar el esquema operativo de las prisiones que ya funcionan en el pa\u00eds y las que pudieran surgir en el futuro. Ahora que, en ese aspecto, no se puede ignorar una triste realidad que para decirlo sin eufemismos obliga a se\u00f1alar que si \u201cuna manzana est\u00e1 podrida\u201d, lo \u00fanico que queda es \u201ctirarla a la basura\u201d.<\/p>\n<p>Lo cual es algo que no dejan de mencionar quienes dudan de la eficacia los programas institucionales de renovaci\u00f3n de los centros de internamiento de presos donde el imperio de la corrupci\u00f3n pr\u00e1cticamente est\u00e1 profundamente enraizado siendo virtualmente imposible erradicarlo.<\/p>\n<p>En ese tenor, ambas cuestiones podr\u00edan tener algo de cierto, pero al mismo tiempo carecer de absoluta objetividad para determinar qu\u00e9 es mejor:\u00a0 crear una \u201cmega c\u00e1rcel\u201d diferente o intentar como tantas veces regenerar el ambiente de las existentes.<\/p>\n<p>Y es que para ser francos podr\u00eda uno afirmar que una y otra idea ser\u00edan de mucha o poca utilidad social en aras de cambiar el sistema de readaptaci\u00f3n social en M\u00e9xico y el resguardo de los internos sujetos a proceso, en tanto no se reconozcan las deficiencias de todas las acciones institucionales previas que se han realizado con evidente saldo rojo en materia de hacer de las c\u00e1rceles lo que se necesita.<\/p>\n<p>Es decir que dichos establecimientos no sigan siendo percibidos como \u201ccatedrales de la corrupci\u00f3n\u201d, con canonj\u00edas que en apariencia a unos presos les cuestan para beneficio de una caterva de funcionarios corruptos, sin que se erradiquen abusos de distinta \u00edndole ni se logre que los internos que salgan de prisi\u00f3n en verdad se reintegren a la sociedad como personas de bien dedicadas a trabajar y no a delinquir.<\/p>\n<p>En ese contexto, es de se\u00f1alar que independientemente de una \u201cmega c\u00e1rcel\u201d,\u00a0 las prisiones en general deben modificar su car\u00e1cter operativo con nuevas medidas que garanticen cambios en bien de la gente que respeta la ley, evitando seguir sirviendo a intereses criminales.<\/p>\n<p>As\u00ed que el principal obst\u00e1culo para alcanzar un cambio real que haga posible la readaptaci\u00f3n social de los presos en los penales de M\u00e9xico es la aparentemente tolerada e impune corrupci\u00f3n carcelaria.<\/p>\n<p><em><a href=\"mailto:serviciospremier_vip@hotmail.com\" target=\"_blank\" rel=\"noopener noreferrer\">serviciospremier_vip@hotmail.com<\/a><\/em><\/p>\n","protected":false},"excerpt":{"rendered":"<p><span style=\"color: #005497;\"><strong>Freddy S\u00e1nchez<\/strong><\/span><\/p>\n","protected":false},"author":3,"featured_media":0,"comment_status":"open","ping_status":"open","sticky":false,"template":"","format":"standard","meta":{"_monsterinsights_skip_tracking":false,"_monsterinsights_sitenote_active":false,"_monsterinsights_sitenote_note":"","_monsterinsights_sitenote_category":0,"footnotes":""},"categories":[22959],"tags":[43710,43674,22960],"class_list":["post-612961","post","type-post","status-publish","format-standard","hentry","category-freddy-sanchez","tag-freddy-sanchez","tag-opinion","tag-precios-y-desprecios"],"_links":{"self":[{"href":"https:\/\/www.diarioimagen.net\/index.php?rest_route=\/wp\/v2\/posts\/612961","targetHints":{"allow":["GET"]}}],"collection":[{"href":"https:\/\/www.diarioimagen.net\/index.php?rest_route=\/wp\/v2\/posts"}],"about":[{"href":"https:\/\/www.diarioimagen.net\/index.php?rest_route=\/wp\/v2\/types\/post"}],"author":[{"embeddable":true,"href":"https:\/\/www.diarioimagen.net\/index.php?rest_route=\/wp\/v2\/users\/3"}],"replies":[{"embeddable":true,"href":"https:\/\/www.diarioimagen.net\/index.php?rest_route=%2Fwp%2Fv2%2Fcomments&post=612961"}],"version-history":[{"count":0,"href":"https:\/\/www.diarioimagen.net\/index.php?rest_route=\/wp\/v2\/posts\/612961\/revisions"}],"wp:attachment":[{"href":"https:\/\/www.diarioimagen.net\/index.php?rest_route=%2Fwp%2Fv2%2Fmedia&parent=612961"}],"wp:term":[{"taxonomy":"category","embeddable":true,"href":"https:\/\/www.diarioimagen.net\/index.php?rest_route=%2Fwp%2Fv2%2Fcategories&post=612961"},{"taxonomy":"post_tag","embeddable":true,"href":"https:\/\/www.diarioimagen.net\/index.php?rest_route=%2Fwp%2Fv2%2Ftags&post=612961"}],"curies":[{"name":"wp","href":"https:\/\/api.w.org\/{rel}","templated":true}]}}