{"id":613074,"date":"2024-03-15T00:03:52","date_gmt":"2024-03-15T06:03:52","guid":{"rendered":"https:\/\/www.diarioimagen.net\/?p=613074"},"modified":"2024-03-15T01:02:44","modified_gmt":"2024-03-15T07:02:44","slug":"condenan-agresiones-y-atentados-contra-actores-politicos-en-edomex","status":"publish","type":"post","link":"https:\/\/www.diarioimagen.net\/?p=613074","title":{"rendered":"Condenan agresiones y atentados contra actores pol\u00edticos en Edomex"},"content":{"rendered":"<p>&nbsp;<\/p>\n<ul>\n<li><em><strong>Sufre ataque regidor panista de Acambay<\/strong><\/em><\/li>\n<\/ul>\n<p>&nbsp;<\/p>\n<div id=\"attachment_613187\" style=\"width: 470px\" class=\"wp-caption aligncenter\"><a href=\"https:\/\/www.diarioimagen.net\/?attachment_id=613187\" rel=\"attachment wp-att-613187\"><img loading=\"lazy\" decoding=\"async\" aria-describedby=\"caption-attachment-613187\" class=\"size-full wp-image-613187\" src=\"https:\/\/www.diarioimagen.net\/wp-content\/uploads\/2024\/03\/condenan-agresiones.jpg\" alt=\"\" width=\"460\" height=\"270\" \/><\/a><p id=\"caption-attachment-613187\" class=\"wp-caption-text\">El PAN en Edomex lament\u00f3 el ataque armado en contra de Timoteo Ruiz, regidor panista del municipio de Acambay.<\/p><\/div>\n<p>&nbsp;<\/p>\n<p><strong>Valle de M\u00e9xico.\u2014<\/strong> Al grito de \u00a1ya basta!, actores pol\u00edticos del PAN, PRI, PRD, Y MC, de municipios mexiquenses, exigieron a las autoridades competentes poner un alto a las agresiones y asesinatos de representantes populares y candidatos a diversos cargos en la entidad mexiquense.<\/p>\n<p>En ese sentido, el Partido Acci\u00f3n Nacional (PAN), en el Estado de M\u00e9xico, que encabeza Anuar Azar Figueroa, lament\u00f3 el ataque armado, en contra del regidor panista del municipio de Acambay, Timoteo Ruiz, mientras transitaba en su autom\u00f3vil en la zona de El Puerto de Dongu de esta localidad y qu\u00e9 result\u00f3 herido de bala.<\/p>\n<p>\u201cEn Acci\u00f3n Nacional nos solidarizamos con sus familiares y amigo y reiteramos nuestro absoluto rechazo a la violencia en cualquiera de sus modalidades, por lo que solicitamos se act\u00fae con estricto apego a la legalidad e imparcialidad total para lograr la captura de los responsables de este lamentable suceso\u201d, se exigi\u00f3 a trav\u00e9s de un comunicado de prensa.<\/p>\n<p>En \u00e9l, se expresa que \u201csabedores del correcto actuar de la Fiscal\u00eda General de Justicia del Estado de M\u00e9xico (FGJEM), solicitamos se trabaje con estricto apego a la legalidad, respetando los derechos humanos de manera responsable como individuos y como grupos\u201d.<\/p>\n<p>El Comit\u00e9 Directivo Estatal del PAN expres\u00f3 que \u201ceste ataque suscita preocupaciones sobre la seguridad de los funcionarios p\u00fablicos en regiones vulnerables a actos de violencia y representa un desaf\u00edo adicional para las autoridades en su lucha contra la delincuencia en el contexto de las pr\u00f3ximas elecciones de junio\u201d.<\/p>\n<p>Finalmente, dirigentes de los partidos pol\u00edticos que participar\u00e1n en la contienda del pr\u00f3ximo 2 de junio, demandan garant\u00edas para todas y todos los participantes a alcaldes, senadores, diputados, s\u00edndicos y regidores.<\/p>\n","protected":false},"excerpt":{"rendered":"<p>Al grito de \u00a1ya basta!, actores pol\u00edticos del PAN, PRI, PRD, Y MC, de municipios mexiquenses, exigieron a las autoridades competentes poner un alto a las agresiones y asesinatos de representantes populares y candidatos a diversos cargos en la entidad mexiquense.<\/p>\n","protected":false},"author":3,"featured_media":613187,"comment_status":"open","ping_status":"open","sticky":false,"template":"","format":"standard","meta":{"_monsterinsights_skip_tracking":false,"_monsterinsights_sitenote_active":false,"_monsterinsights_sitenote_note":"","_monsterinsights_sitenote_category":0,"footnotes":""},"categories":[5],"tags":[99602,11126,16828,34],"class_list":["post-613074","post","type-post","status-publish","format-standard","has-post-thumbnail","hentry","category-estado-de-mexico","tag-actores-politicoss","tag-ataques","tag-panistas","tag-valle-de-mexico"],"_links":{"self":[{"href":"https:\/\/www.diarioimagen.net\/index.php?rest_route=\/wp\/v2\/posts\/613074","targetHints":{"allow":["GET"]}}],"collection":[{"href":"https:\/\/www.diarioimagen.net\/index.php?rest_route=\/wp\/v2\/posts"}],"about":[{"href":"https:\/\/www.diarioimagen.net\/index.php?rest_route=\/wp\/v2\/types\/post"}],"author":[{"embeddable":true,"href":"https:\/\/www.diarioimagen.net\/index.php?rest_route=\/wp\/v2\/users\/3"}],"replies":[{"embeddable":true,"href":"https:\/\/www.diarioimagen.net\/index.php?rest_route=%2Fwp%2Fv2%2Fcomments&post=613074"}],"version-history":[{"count":0,"href":"https:\/\/www.diarioimagen.net\/index.php?rest_route=\/wp\/v2\/posts\/613074\/revisions"}],"wp:featuredmedia":[{"embeddable":true,"href":"https:\/\/www.diarioimagen.net\/index.php?rest_route=\/wp\/v2\/media\/613187"}],"wp:attachment":[{"href":"https:\/\/www.diarioimagen.net\/index.php?rest_route=%2Fwp%2Fv2%2Fmedia&parent=613074"}],"wp:term":[{"taxonomy":"category","embeddable":true,"href":"https:\/\/www.diarioimagen.net\/index.php?rest_route=%2Fwp%2Fv2%2Fcategories&post=613074"},{"taxonomy":"post_tag","embeddable":true,"href":"https:\/\/www.diarioimagen.net\/index.php?rest_route=%2Fwp%2Fv2%2Ftags&post=613074"}],"curies":[{"name":"wp","href":"https:\/\/api.w.org\/{rel}","templated":true}]}}