{"id":613077,"date":"2024-03-15T00:04:46","date_gmt":"2024-03-15T06:04:46","guid":{"rendered":"https:\/\/www.diarioimagen.net\/?p=613077"},"modified":"2024-03-15T01:03:22","modified_gmt":"2024-03-15T07:03:22","slug":"promueve-naucalpan-el-deporte-entre-la-ninez","status":"publish","type":"post","link":"https:\/\/www.diarioimagen.net\/?p=613077","title":{"rendered":"Promueve Naucalpan el deporte entre la ni\u00f1ez"},"content":{"rendered":"<p>&nbsp;<\/p>\n<p><a href=\"https:\/\/www.diarioimagen.net\/?attachment_id=613189\" rel=\"attachment wp-att-613189\"><img loading=\"lazy\" decoding=\"async\" class=\"aligncenter size-full wp-image-613189\" src=\"https:\/\/www.diarioimagen.net\/wp-content\/uploads\/2024\/03\/promueve-naucalpan.jpg\" alt=\"\" width=\"460\" height=\"270\" \/><\/a><\/p>\n<p>&nbsp;<\/p>\n<p><strong>Naucalpan, Estado de M\u00e9xico.\u2014 <\/strong>Con el objetivo de promover el deporte en la ni\u00f1ez naucalpense, la presidenta municipal inaugur\u00f3 la Miniolimpiada Peque\u00f1os Grandes Atletas en la que participan m\u00e1s de mil 500 alumnos de escuelas primarias de la demarcaci\u00f3n, tanto p\u00fablicas como privadas. Durante la inauguraci\u00f3n, Christopher L\u00f3pez Escobar, de 13 a\u00f1os de edad, Premio Municipal del Deporte y medallista en el V Campeonato Panamericano de la Comisi\u00f3n Mundial de Karate y Kickboxing (WKC), realizado en Puerto Rico, asegur\u00f3 a los peque\u00f1os que \u201cel deporte los ayuda para muchas cosas, incluido llegar a sus sue\u00f1os\u201d.<\/p>\n<p>A su vez, la alcaldesa de Naucalpan expres\u00f3 a los padres de familia que cuentan con el gobierno municipal para ayudarlos a formar y encauzar a sus hijos, para que en el futuro se conviertan en buenos ciudadanos, por lo que es muy importante fomentar el deporte desde peque\u00f1os.<\/p>\n<p>La Miniolimpiada se realiza simult\u00e1neamente en campos deportivos de la Unidad Cuauht\u00e9moc y la Facultad de Estudios Superiores (FES) Acatl\u00e1n, donde los menores participaron en diversas actividades, al t\u00e9rmino de las cuales reciben medallas.<\/p>\n","protected":false},"excerpt":{"rendered":"<p>Con el objetivo de promover el deporte en la ni\u00f1ez naucalpense, la presidenta municipal inaugur\u00f3 la Miniolimpiada Peque\u00f1os Grandes Atletas en la que participan m\u00e1s de mil 500 alumnos de escuelas primarias de la demarcaci\u00f3n, tanto p\u00fablicas como privadas. Durante la inauguraci\u00f3n, Christopher L\u00f3pez Escobar, de 13 a\u00f1os de edad, Premio Municipal del Deporte y medallista en el V Campeonato Panamericano de la Comisi\u00f3n Mundial de Karate y Kickboxing (WKC), realizado en Puerto Rico, asegur\u00f3 a los peque\u00f1os que \u201cel deporte los ayuda para muchas cosas, incluido llegar a sus sue\u00f1os\u201d.<\/p>\n","protected":false},"author":3,"featured_media":613189,"comment_status":"open","ping_status":"open","sticky":false,"template":"","format":"standard","meta":{"_monsterinsights_skip_tracking":false,"_monsterinsights_sitenote_active":false,"_monsterinsights_sitenote_note":"","_monsterinsights_sitenote_category":0,"footnotes":""},"categories":[5],"tags":[43675,970,26932,69789],"class_list":["post-613077","post","type-post","status-publish","format-standard","has-post-thumbnail","hentry","category-estado-de-mexico","tag-estado-de-mexico","tag-naucalpan","tag-ninez","tag-promueve"],"_links":{"self":[{"href":"https:\/\/www.diarioimagen.net\/index.php?rest_route=\/wp\/v2\/posts\/613077","targetHints":{"allow":["GET"]}}],"collection":[{"href":"https:\/\/www.diarioimagen.net\/index.php?rest_route=\/wp\/v2\/posts"}],"about":[{"href":"https:\/\/www.diarioimagen.net\/index.php?rest_route=\/wp\/v2\/types\/post"}],"author":[{"embeddable":true,"href":"https:\/\/www.diarioimagen.net\/index.php?rest_route=\/wp\/v2\/users\/3"}],"replies":[{"embeddable":true,"href":"https:\/\/www.diarioimagen.net\/index.php?rest_route=%2Fwp%2Fv2%2Fcomments&post=613077"}],"version-history":[{"count":0,"href":"https:\/\/www.diarioimagen.net\/index.php?rest_route=\/wp\/v2\/posts\/613077\/revisions"}],"wp:featuredmedia":[{"embeddable":true,"href":"https:\/\/www.diarioimagen.net\/index.php?rest_route=\/wp\/v2\/media\/613189"}],"wp:attachment":[{"href":"https:\/\/www.diarioimagen.net\/index.php?rest_route=%2Fwp%2Fv2%2Fmedia&parent=613077"}],"wp:term":[{"taxonomy":"category","embeddable":true,"href":"https:\/\/www.diarioimagen.net\/index.php?rest_route=%2Fwp%2Fv2%2Fcategories&post=613077"},{"taxonomy":"post_tag","embeddable":true,"href":"https:\/\/www.diarioimagen.net\/index.php?rest_route=%2Fwp%2Fv2%2Ftags&post=613077"}],"curies":[{"name":"wp","href":"https:\/\/api.w.org\/{rel}","templated":true}]}}