{"id":613097,"date":"2024-03-15T00:03:34","date_gmt":"2024-03-15T06:03:34","guid":{"rendered":"https:\/\/www.diarioimagen.net\/?p=613097"},"modified":"2024-03-15T01:06:49","modified_gmt":"2024-03-15T07:06:49","slug":"the-ataris-tocaran-en-el-cmba-punk-rock-fest-vol-3","status":"publish","type":"post","link":"https:\/\/www.diarioimagen.net\/?p=613097","title":{"rendered":"The Ataris, tocar\u00e1n en el CMBA Punk Rock Fest Vol. 3"},"content":{"rendered":"<p>&nbsp;<\/p>\n<h2 style=\"text-align: center;\">En en Vel\u00f3dromo Ol\u00edmpico<\/h2>\n<p>&nbsp;<\/p>\n<ul>\n<li><strong><em>Compartir\u00e1n el escenario con MXPX, BLNKO y Buen Viaje<\/em><\/strong><\/li>\n<\/ul>\n<p><strong>\u00a0<\/strong><\/p>\n<h6>Asael Grande<\/h6>\n<p>&nbsp;<\/p>\n<div id=\"attachment_613193\" style=\"width: 470px\" class=\"wp-caption aligncenter\"><a href=\"https:\/\/www.diarioimagen.net\/?attachment_id=613193\" rel=\"attachment wp-att-613193\"><img loading=\"lazy\" decoding=\"async\" aria-describedby=\"caption-attachment-613193\" class=\"size-full wp-image-613193\" src=\"https:\/\/www.diarioimagen.net\/wp-content\/uploads\/2024\/03\/PUNK01.jpg\" alt=\"\" width=\"460\" height=\"270\" \/><\/a><p id=\"caption-attachment-613193\" class=\"wp-caption-text\">CMBA Punk Rock Fest regresa a la Ciudad de M\u00e9xico con una tercera edici\u00f3n bastante nost\u00e1lgica.<\/p><\/div>\n<p>&nbsp;<\/p>\n<p>El CMBA Punk Rock Fest regresa a la Ciudad de M\u00e9xico con una tercera edici\u00f3n bastante nost\u00e1lgica, en la que contaremos con la presencia de bandas ic\u00f3nicas como The Ataris, MXPX, BLNKO y Buen Viaje.<\/p>\n<p>Adem\u00e1s, la banda canadiense SUM 41 se integra al cartel como uno de los headliners, regresando a nuestro pa\u00eds por \u00fanica ocasi\u00f3n como parte de su gira de despedida de los escenarios. El esperado CMBA Punk Rock Fest Vol 3 regresa al ic\u00f3nico Vel\u00f3dromo Ol\u00edmpico el viernes 29 de marzo de 2024.<\/p>\n<p>En entrevista exclusiva <strong>DIARIO IMAGEN<\/strong> platic\u00f3 con Kristopher Roe, vocalista y guitarrista de The Ataris, banda estadounidense de Rock alternativo formada en 1995 en Anderson, Indiana e integrada actualmente por Kristopher Roe al frente del micr\u00f3fono y en la guitarra, John Collura, guitarra y en el piano, Paul Carabello en la percussion, Eric Doucette, bajista y Shane Chickeles en la bater\u00eda: \u201cestoy muy emocionado de poder tocar en M\u00e9xico de nueva cuenta, ser\u00e1 uno de mis conciertos favoritos, los fans mexicanos son de los mejores del mundo, hemos intentado tocar en M\u00e9xico desde hace varios a\u00f1os, pero estamos emocionados de hacerlo en este festival, tocaremos muchas canciones favoritas para nuestros fans, canciones del disco So Long, Astoria (2003), Blue Skies, Broken Hearts\u2026Next 12 Exist (1999), y vamos a tocar algo nuevo; la \u00faltima vez que tocamos en Ciudad de M\u00e9xico fue en 2007 cuando lanzamos el disco Welcome the Night, con disco del que estamos muy orgullosos, pero ahora tocaremos canciones viejas, canciones especiales que seguramente emocionar\u00e1n a los fans de escucharlas por primera vez\u201d.<\/p>\n<p>Con 5 discos de estudio, Anywhere But Here en 1997; Blue Skies, Broken Hearts\u2026Next 12 Exits en 1999 y End Is Forever en 2001 con Kung Fu Records el So Long, Astoria del 2003 bajo el sello Columbia Records y su m\u00e1s reciente disco titulado Welcome the Night del 2007 con Sanctuary Records, Roe coment\u00f3 que \u201cel \u00faltimo \u00e1lbum de estudio fue en 2007, pero en vivo grabamos el Live in Chicago 2019, antes de la pandemia, tenemos pensado lanzar dos canciones nuevas para un nuevo disco que se llamar\u00e1 Silver Turns to Rust, este a\u00f1o queremos grabar un nuevo disco para el verano, quiz\u00e1 en julio o en octubre, y lanzarlo en formato vinyl, sin duda, este a\u00f1o habr\u00e1 m\u00fasica nueva para la banda\u201d.<\/p>\n<p>Respecto a qu\u00e9 tienen preparado tocar para la tercera edici\u00f3n del Punk Rock Fest, Kristopher Roe adelant\u00f3 que \u201cser\u00e1n canciones del So Long, Astoria; Blue Skies, y canciones del End is Forever, creo que esos discos sirven para introducir al p\u00fablico nuevo, ya tenemos dos generaciones de fans, as\u00ed que tocaremos canciones viejas que abarcan nuestra historia\u201d.<\/p>\n<p>Despu\u00e9s del rotundo \u00e9xito de sus ediciones anteriores, el CMBA Punk Rock Fest se ha convertido en un referente para los amantes del punk rock y emo, prometiendo una noche cargada de nostalgia y vibraciones inigualables. El festival se llevar\u00e1 a cabo el pr\u00f3ximo s\u00e1bado 29 de marzo de 2024 en el Vel\u00f3dromo Ol\u00edmpico de la Ciudad de M\u00e9xico, donde el p\u00fablico se reunir\u00e1 para cantar y brincar sus rolas favoritas de punk rock.<\/p>\n<p>&nbsp;<\/p>\n<blockquote><p><strong>The Ataris formada en 1995 es integrada por Kristopher Roe al frente del micr\u00f3fono y en la guitarra, John Collura, guitarra y en el piano, Paul Carabello en la percussion, Eric Doucette, bajista y Shane Chickeles en la bater\u00eda<\/strong><\/p><\/blockquote>\n","protected":false},"excerpt":{"rendered":"<p>El CMBA Punk Rock Fest regresa a la Ciudad de M\u00e9xico con una tercera edici\u00f3n bastante nost\u00e1lgica, en la que contaremos con la presencia de bandas ic\u00f3nicas como The Ataris, MXPX, BLNKO y Buen Viaje.<\/p>\n","protected":false},"author":3,"featured_media":613193,"comment_status":"open","ping_status":"open","sticky":false,"template":"","format":"standard","meta":{"_monsterinsights_skip_tracking":false,"_monsterinsights_sitenote_active":false,"_monsterinsights_sitenote_note":"","_monsterinsights_sitenote_category":0,"footnotes":""},"categories":[12],"tags":[72844,99608],"class_list":["post-613097","post","type-post","status-publish","format-standard","has-post-thumbnail","hentry","category-espectaculos","tag-especaculos","tag-the-ataris"],"_links":{"self":[{"href":"https:\/\/www.diarioimagen.net\/index.php?rest_route=\/wp\/v2\/posts\/613097","targetHints":{"allow":["GET"]}}],"collection":[{"href":"https:\/\/www.diarioimagen.net\/index.php?rest_route=\/wp\/v2\/posts"}],"about":[{"href":"https:\/\/www.diarioimagen.net\/index.php?rest_route=\/wp\/v2\/types\/post"}],"author":[{"embeddable":true,"href":"https:\/\/www.diarioimagen.net\/index.php?rest_route=\/wp\/v2\/users\/3"}],"replies":[{"embeddable":true,"href":"https:\/\/www.diarioimagen.net\/index.php?rest_route=%2Fwp%2Fv2%2Fcomments&post=613097"}],"version-history":[{"count":0,"href":"https:\/\/www.diarioimagen.net\/index.php?rest_route=\/wp\/v2\/posts\/613097\/revisions"}],"wp:featuredmedia":[{"embeddable":true,"href":"https:\/\/www.diarioimagen.net\/index.php?rest_route=\/wp\/v2\/media\/613193"}],"wp:attachment":[{"href":"https:\/\/www.diarioimagen.net\/index.php?rest_route=%2Fwp%2Fv2%2Fmedia&parent=613097"}],"wp:term":[{"taxonomy":"category","embeddable":true,"href":"https:\/\/www.diarioimagen.net\/index.php?rest_route=%2Fwp%2Fv2%2Fcategories&post=613097"},{"taxonomy":"post_tag","embeddable":true,"href":"https:\/\/www.diarioimagen.net\/index.php?rest_route=%2Fwp%2Fv2%2Ftags&post=613097"}],"curies":[{"name":"wp","href":"https:\/\/api.w.org\/{rel}","templated":true}]}}