{"id":613140,"date":"2024-03-15T00:03:39","date_gmt":"2024-03-15T06:03:39","guid":{"rendered":"https:\/\/www.diarioimagen.net\/?p=613140"},"modified":"2024-03-15T00:28:59","modified_gmt":"2024-03-15T06:28:59","slug":"putin-seguira-hasta-2030-si-gana","status":"publish","type":"post","link":"https:\/\/www.diarioimagen.net\/?p=613140","title":{"rendered":"Putin seguir\u00e1 hasta 2030, si gana"},"content":{"rendered":"<h2>Espacio Electoral<\/h2>\n<h5>Eleazar Flores<\/h5>\n<p><strong>\u00a0<\/strong><\/p>\n<p><strong>TRES D\u00c9CADAS \u00bfY M\u00c1S?-.<\/strong> Como Presidente de Rusia desde el a\u00f1o dos mil y con el mismo cargo de 2012 a la fecha, pero como primer ministro de 2008 a 2012, Vladimir Vladimirovich Putin podr\u00eda seguir en el mismo cargo hasta 2030, ante la fuerte debilidad de sus opositores, pues quien le podr\u00eda dar batalla, Alexei Navalny, muri\u00f3 hace un mes tras meses de estar encarcelado en condiciones inhumanas.<\/p>\n<p>La prolongaci\u00f3n del mandato del hijo de don Vladimir Spiridionivich y la se\u00f1ora Mar\u00eda Putina ser\u00e1 posible y podr\u00eda confirmarse luego de las elecciones presidenciales a celebrarse entre este viernes 15 y el domingo 17, pero en el remoto caso de \u201capretarse\u201d el resultado, una SEGUNDA VUELTA se tiene programada para el domingo 7 de abril.<\/p>\n<p>Si cree que mister Putin va solo en estas elecciones no es as\u00ed, pues se inscribieron en esta justa electoral rusa los se\u00f1ores Nikoldi Jaritonov, Leonid Studski , Vlaislav Davankov y Vladimir Schinuski, cuya fuerza y presencia electoral podr\u00eda compararse con la que aqu\u00ed dice tener el partido Movimiento Ciudadano y su candidato, cuyo famoso nombre hasta se olvida, tanto que sus publicistas la asocian a un futbolista en sus comerciales.<\/p>\n<p><strong>PADR\u00d3N RUSO-.<\/strong> T\u00f3melo con todas las reservas del caso, pero oficialmente se maneja una poblaci\u00f3n rusa superior a los 145 millones de habitantes, con un 53.5 por ciento de mujeres y un 46.5 por ciento de hombres.<\/p>\n<p>En cuanto al PADR\u00d3N, que es lo que interesa para este caso, se estima en unos 130 millones de votantes, equivalente a la poblaci\u00f3n de nuestro pa\u00eds, lo que da una idea de la gran participaci\u00f3n que se tendr\u00e1 en las elecciones de este domingo como \u00faltimo d\u00eda de comicios.<\/p>\n<p><strong>INCONFORMIDAD Y DESCONOCIMIENTO-.<\/strong> El l\u00edder de la OTAN ha externado su inconformidad ante estos comicios rusos, apoy\u00e1ndose en el hecho de que no hay aires de libertad por toda la serie de hechos violentos y b\u00e9licos que se viven en Rusia, cuya poblaci\u00f3n manifiesta su rechazo, no obstante las represalias de manifestaciones p\u00fablicas en contra.<\/p>\n<p><strong>NO VOTEN-.<\/strong> La se\u00f1ora Yulia Navalnaya, hoy viuda del ex l\u00edder opositor fallecido Alexei Navalny, principal opositor que ten\u00eda Putin, ha pedido a los pueblos del mundo y a los rusos no votar y menos reconocer el triunfo de mister Putin, quien llega enjuiciado por la opini\u00f3n mundial que condena las invasiones, sobre todo en Ucrania.<\/p>\n<p><strong>REFORMAS-.<\/strong> Pero para llegar Putin a esta en\u00e9sima elecci\u00f3n o reelecci\u00f3n, tuvieron que hacerse ajustes a las leyes rusas que no permit\u00edan tanto tiempo en el cargo.<\/p>\n<p>Con el gobierno controlado, Vladimir Putin logr\u00f3 esas reformas que LEGITIMAN su en\u00e9sima reelecci\u00f3n.<\/p>\n<p>Por cierto, el gobierno de M\u00e9xico jam\u00e1s se abri\u00f3 en contra de la pol\u00edtica internacional rusa, \u00bfrecuerda?<\/p>\n<p><em><a href=\"mailto:elefa44@gmail.com\" target=\"_blank\" rel=\"noopener noreferrer\">elefa44@gmail.com<\/a><\/em><\/p>\n","protected":false},"excerpt":{"rendered":"<p><span style=\"color: #005497;\"><strong>Eleazar Flores<\/strong><\/span><\/p>\n","protected":false},"author":3,"featured_media":0,"comment_status":"open","ping_status":"open","sticky":false,"template":"","format":"standard","meta":{"_monsterinsights_skip_tracking":false,"_monsterinsights_sitenote_active":false,"_monsterinsights_sitenote_note":"","_monsterinsights_sitenote_category":0,"footnotes":""},"categories":[81743],"tags":[81744,81776,43674],"class_list":["post-613140","post","type-post","status-publish","format-standard","hentry","category-eleazar-flores","tag-eleazar-flores","tag-espacio-electoral","tag-opinion"],"_links":{"self":[{"href":"https:\/\/www.diarioimagen.net\/index.php?rest_route=\/wp\/v2\/posts\/613140","targetHints":{"allow":["GET"]}}],"collection":[{"href":"https:\/\/www.diarioimagen.net\/index.php?rest_route=\/wp\/v2\/posts"}],"about":[{"href":"https:\/\/www.diarioimagen.net\/index.php?rest_route=\/wp\/v2\/types\/post"}],"author":[{"embeddable":true,"href":"https:\/\/www.diarioimagen.net\/index.php?rest_route=\/wp\/v2\/users\/3"}],"replies":[{"embeddable":true,"href":"https:\/\/www.diarioimagen.net\/index.php?rest_route=%2Fwp%2Fv2%2Fcomments&post=613140"}],"version-history":[{"count":0,"href":"https:\/\/www.diarioimagen.net\/index.php?rest_route=\/wp\/v2\/posts\/613140\/revisions"}],"wp:attachment":[{"href":"https:\/\/www.diarioimagen.net\/index.php?rest_route=%2Fwp%2Fv2%2Fmedia&parent=613140"}],"wp:term":[{"taxonomy":"category","embeddable":true,"href":"https:\/\/www.diarioimagen.net\/index.php?rest_route=%2Fwp%2Fv2%2Fcategories&post=613140"},{"taxonomy":"post_tag","embeddable":true,"href":"https:\/\/www.diarioimagen.net\/index.php?rest_route=%2Fwp%2Fv2%2Ftags&post=613140"}],"curies":[{"name":"wp","href":"https:\/\/api.w.org\/{rel}","templated":true}]}}