{"id":613230,"date":"2024-03-18T00:07:12","date_gmt":"2024-03-18T06:07:12","guid":{"rendered":"https:\/\/www.diarioimagen.net\/?p=613230"},"modified":"2024-03-18T21:39:26","modified_gmt":"2024-03-19T03:39:26","slug":"facultad-de-odontologia-de-la-uaemex-fortalece-su-proyeccion-internacional","status":"publish","type":"post","link":"https:\/\/www.diarioimagen.net\/?p=613230","title":{"rendered":"Facultad de Odontolog\u00eda de la UAEM\u00e9x fortalece su proyecci\u00f3n internacional"},"content":{"rendered":"<p>&nbsp;<\/p>\n<div id=\"attachment_613312\" style=\"width: 470px\" class=\"wp-caption aligncenter\"><a href=\"https:\/\/www.diarioimagen.net\/?attachment_id=613312\" rel=\"attachment wp-att-613312\"><img loading=\"lazy\" decoding=\"async\" aria-describedby=\"caption-attachment-613312\" class=\"size-full wp-image-613312\" src=\"https:\/\/www.diarioimagen.net\/wp-content\/uploads\/2024\/03\/uaem-facultad-odontologia.jpg\" alt=\"\" width=\"460\" height=\"270\" \/><\/a><p id=\"caption-attachment-613312\" class=\"wp-caption-text\">Durante la ceremonia se devel\u00f3 la placa conmemorativa al 60 aniversario de la Facultad de Odontolog\u00eda y al 45 aniversario de la hermandad con las universidades japonesas de Meikai y Asahi.<\/p><\/div>\n<p>&nbsp;<\/p>\n<p><strong>Toluca, Estado de M\u00e9xico.\u2013 <\/strong>Desde sus inicios, la Facultad de Odontolog\u00eda de la Universidad Aut\u00f3noma del Estado (UAEM\u00e9x), derivado de su s\u00f3lida calidad acad\u00e9mica, tuvo como misi\u00f3n dar soluci\u00f3n a los problemas de salud bucodental de la poblaci\u00f3n del Estado de M\u00e9xico con un compromiso humanitario y \u00e9tico con la sociedad, afirm\u00f3, en representaci\u00f3n del rector Carlos Eduardo Barrera D\u00edaz, la secretaria de Investigaci\u00f3n y Estudios Avanzados de la instituci\u00f3n, Martha Patricia Zarza Delgado, al encabezar la inauguraci\u00f3n del Congreso Nacional e Internacional Conmemorativo al Sexag\u00e9simo Aniversario de la Facultad de Odontolog\u00eda, en el Aula Magna \u201cLic. Adolfo L\u00f3pez Mateos\u201d del Edificio de Rector\u00eda.<\/p>\n<p>Acompa\u00f1ada del jefe del Departamento de Rehabilitaci\u00f3n Odontol\u00f3gica de la Universidad de Asahi, Toru Nikaido; el jefe del Departamento de Farmacolog\u00eda de la Universidad de Meikai, Hiroshi Sakagami, y la coordinadora del Centro de Investigaci\u00f3n y Estudios Avanzados en Odontolog\u00eda \u201cDr. Keisaburo Miyata\u201d de la UAEM\u00e9x, Laura Emma Rodr\u00edguez Vilchis, Zarza Delgado apunt\u00f3 que a lo largo de la historia, esta facultad ha tenido importante proyecci\u00f3n internacional. Ejemplo de ello es la firma del primer convenio de intercambio entre la Aut\u00f3noma mexiquense y la Universidad de Josai, antecedente de la Universidad de Meikai, que ha favorecido la experiencia acad\u00e9mica, as\u00ed como los planes de estudio de maestr\u00eda y doctorado, en beneficio del estudiantado.<\/p>\n<p>\u201cHoy en d\u00eda, la Facultad de Odontolog\u00eda se consolida como uno de los espacios de vanguardia de nuestra casa de estudios y de la entidad mexiquense, por su compromiso social y su vasto desarrollo acad\u00e9mico y cient\u00edfico\u201d, abund\u00f3.<\/p>\n<p>Durante la ceremonia se devel\u00f3 la placa conmemorativa al 60 aniversario de la Facultad de Odontolog\u00eda y al 45 aniversario de la hermandad con las universidades japonesas de Meikai y Asahi.<\/p>\n<p>Por su parte, el director de la Facultad, Ulises Vel\u00e1zquez Enr\u00edquez, destac\u00f3 que durante estas seis d\u00e9cadas de excelencia acad\u00e9mica y dedicaci\u00f3n al servicio y compromiso con la salud bucal de la entidad mexiquense, este espacio acad\u00e9mico es un referente de innovaci\u00f3n y liderazgo en el campo de la odontolog\u00eda, en donde se han formado generaciones de profesionales que se han caracterizado por dejar una marca indeleble al brindar atenci\u00f3n de calidad y promoviendo la prevenci\u00f3n y el cuidado de la salud oral en la sociedad.<\/p>\n<p>\u201cNos comprometemos a seguir siendo l\u00edderes en odontolog\u00eda, a continuar brindando una educaci\u00f3n de calidad que prepara al estudiantado para ser l\u00edderes y lideresas del ma\u00f1ana y continuar siendo agentes de cambio para nuestra sociedad\u201d, expres\u00f3.<\/p>\n<p>Al acto acudieron integrantes del Colegio de Directores, miembros del sector salud, investigadores e investigadoras, alumnado y profesorado de la Facultad de Odontolog\u00eda.<\/p>\n","protected":false},"excerpt":{"rendered":"<p>Desde sus inicios, la Facultad de Odontolog\u00eda de la Universidad Aut\u00f3noma del Estado (UAEM\u00e9x), derivado de su s\u00f3lida calidad acad\u00e9mica, tuvo como misi\u00f3n dar soluci\u00f3n a los problemas de salud bucodental de la poblaci\u00f3n del Estado de M\u00e9xico con un compromiso humanitario y \u00e9tico con la sociedad, afirm\u00f3, en representaci\u00f3n del rector Carlos Eduardo Barrera D\u00edaz, la secretaria de Investigaci\u00f3n y Estudios Avanzados de la instituci\u00f3n, Martha Patricia Zarza Delgado, al encabezar la inauguraci\u00f3n del Congreso Nacional e Internacional Conmemorativo al Sexag\u00e9simo Aniversario de la Facultad de Odontolog\u00eda, en el Aula Magna \u201cLic. Adolfo L\u00f3pez Mateos\u201d del Edificio de Rector\u00eda.<\/p>\n","protected":false},"author":3,"featured_media":613312,"comment_status":"open","ping_status":"open","sticky":false,"template":"","format":"standard","meta":{"_monsterinsights_skip_tracking":false,"_monsterinsights_sitenote_active":false,"_monsterinsights_sitenote_note":"","_monsterinsights_sitenote_category":0,"footnotes":""},"categories":[5],"tags":[91830,67878],"class_list":["post-613230","post","type-post","status-publish","format-standard","has-post-thumbnail","hentry","category-estado-de-mexico","tag-facultad-de-odontologia","tag-uaemex"],"_links":{"self":[{"href":"https:\/\/www.diarioimagen.net\/index.php?rest_route=\/wp\/v2\/posts\/613230","targetHints":{"allow":["GET"]}}],"collection":[{"href":"https:\/\/www.diarioimagen.net\/index.php?rest_route=\/wp\/v2\/posts"}],"about":[{"href":"https:\/\/www.diarioimagen.net\/index.php?rest_route=\/wp\/v2\/types\/post"}],"author":[{"embeddable":true,"href":"https:\/\/www.diarioimagen.net\/index.php?rest_route=\/wp\/v2\/users\/3"}],"replies":[{"embeddable":true,"href":"https:\/\/www.diarioimagen.net\/index.php?rest_route=%2Fwp%2Fv2%2Fcomments&post=613230"}],"version-history":[{"count":0,"href":"https:\/\/www.diarioimagen.net\/index.php?rest_route=\/wp\/v2\/posts\/613230\/revisions"}],"wp:featuredmedia":[{"embeddable":true,"href":"https:\/\/www.diarioimagen.net\/index.php?rest_route=\/wp\/v2\/media\/613312"}],"wp:attachment":[{"href":"https:\/\/www.diarioimagen.net\/index.php?rest_route=%2Fwp%2Fv2%2Fmedia&parent=613230"}],"wp:term":[{"taxonomy":"category","embeddable":true,"href":"https:\/\/www.diarioimagen.net\/index.php?rest_route=%2Fwp%2Fv2%2Fcategories&post=613230"},{"taxonomy":"post_tag","embeddable":true,"href":"https:\/\/www.diarioimagen.net\/index.php?rest_route=%2Fwp%2Fv2%2Ftags&post=613230"}],"curies":[{"name":"wp","href":"https:\/\/api.w.org\/{rel}","templated":true}]}}