{"id":613248,"date":"2024-03-18T00:05:38","date_gmt":"2024-03-18T06:05:38","guid":{"rendered":"https:\/\/www.diarioimagen.net\/?p=613248"},"modified":"2024-03-18T00:20:01","modified_gmt":"2024-03-18T06:20:01","slug":"amplia-el-gobierno-de-edomex-fecha-para-participar-en-concurso-de-su-nueva-marca-turistica","status":"publish","type":"post","link":"https:\/\/www.diarioimagen.net\/?p=613248","title":{"rendered":"Ampl\u00eda el gobierno de Edomex fecha para participar en concurso de su nueva marca tur\u00edstica"},"content":{"rendered":"<p>&nbsp;<\/p>\n<ul>\n<li><strong><em>La propuesta debe estar inspirada en el eslogan: \u201cEstado de M\u00e9xico: un destino hecho a mano\u201d<\/em><\/strong><\/li>\n<li><strong><em>El logotipo ser\u00e1 parte de la imagen institucional para uso de las campa\u00f1as de este sector<\/em><\/strong><\/li>\n<\/ul>\n<p><strong>\u00a0<\/strong><\/p>\n<div id=\"attachment_613333\" style=\"width: 470px\" class=\"wp-caption aligncenter\"><a href=\"https:\/\/www.diarioimagen.net\/?attachment_id=613333\" rel=\"attachment wp-att-613333\"><img loading=\"lazy\" decoding=\"async\" aria-describedby=\"caption-attachment-613333\" class=\"wp-image-613333 size-full\" src=\"https:\/\/www.diarioimagen.net\/wp-content\/uploads\/2024\/03\/amplia-gobierno-edomex.jpg\" alt=\"\" width=\"460\" height=\"270\" \/><\/a><p id=\"caption-attachment-613333\" class=\"wp-caption-text\">La propuesta ganadora del nuevolotipo de la marca tur\u00edstica \u201cEstado de M\u00e9xico: Un destino hecho a mano\u201d formar\u00e1 parte de la imagen institucional para su uso en campa\u00f1as tur\u00edsticas que promocionen al Estado de M\u00e9xico a nivel local, nacional e internacional.<\/p><\/div>\n<p>&nbsp;<\/p>\n<p><strong>Toluca, Estado de M\u00e9xico.\u2014 <\/strong>El gobierno del Estado de M\u00e9xico ampl\u00eda al 21 de marzo el plazo de la Convocatoria para participar en el Concurso para el dise\u00f1o del logotipo de la nueva marca tur\u00edstica \u201cEstado de M\u00e9xico: Un destino hecho a mano\u201d, con el que se busca posicionar a la entidad como un territorio que cuenta con riqueza cultural y riqueza tur\u00edstica diversa.<\/p>\n<p>La participaci\u00f3n est\u00e1 dirigida a las y los mexiquenses mayores de 18 a\u00f1os, estudiantes, profesionales de dise\u00f1o gr\u00e1fico, artes visuales o afines.<\/p>\n<p>Quienes participen tambi\u00e9n deber\u00e1n inspirarse en la riqueza natural, cultural, hist\u00f3rica, gastron\u00f3mica y artesanal; utilizar los colores institucionales del Estado de M\u00e9xico; y ser respetuosa de los valores humanos y tesoros con los que cuenta la entidad.<\/p>\n<p>El jurado calificador est\u00e1 integrado por personalidades del gremio acad\u00e9mico, gr\u00e1fico, cultural y tur\u00edstico y los criterios que ser\u00e1n evaluados son: rescate de las tradiciones, originalidad, creatividad del dise\u00f1o, tem\u00e1tica, color, elementos representativos de la entidad.<\/p>\n<p>Las personas interesadas en participar deber\u00e1n enviar su propuesta de manera digital en archivos editables al correo electr\u00f3nico: <em>sc.urp_cs@edomex.gob.mx<\/em><\/p>\n<p>El nombre de quien haya creado el logotipo ganador se dar\u00e1 a conocer el d\u00eda viernes 29 de marzo a trav\u00e9s del sitio web <em>cultura.edomex.gob.mx<\/em> y en las redes sociales de la Secretar\u00eda de Cultura y Turismo en <em>Facebook<\/em> y <em>X<\/em>, <em>@CulturaEdomex<\/em><\/p>\n<p>La propuesta ganadora formar\u00e1 parte de la imagen institucional para su uso en campa\u00f1as tur\u00edsticas que promocionen al Estado de M\u00e9xico a nivel local, nacional e internacional. El creador del logotipo ganador recibir\u00e1 la cantidad de 20 mil pesos, as\u00ed como un fin de semana con un acompa\u00f1ante en el Pueblo M\u00e1gico del Estado de M\u00e9xico de su elecci\u00f3n.\u00a0 La Convocatoria se puede consultar a trav\u00e9s del enlace: <em>https:\/\/cultura.edomex.gob.mx\/sites\/cultura.edomex.gob.mx\/files\/files\/convocatorias\/Documento%20para%20Web%20V4.pdf<\/em><\/p>\n","protected":false},"excerpt":{"rendered":"<p>El gobierno del Estado de M\u00e9xico ampl\u00eda al 21 de marzo el plazo de la Convocatoria para participar en el Concurso para el dise\u00f1o del logotipo de la nueva marca tur\u00edstica \u201cEstado de M\u00e9xico: Un destino hecho a mano\u201d, con el que se busca posicionar a la entidad como un territorio que cuenta con riqueza cultural y riqueza tur\u00edstica diversa.<\/p>\n","protected":false},"author":3,"featured_media":613333,"comment_status":"open","ping_status":"open","sticky":false,"template":"","format":"standard","meta":{"_monsterinsights_skip_tracking":false,"_monsterinsights_sitenote_active":false,"_monsterinsights_sitenote_note":"","_monsterinsights_sitenote_category":0,"footnotes":""},"categories":[5],"tags":[43675,99617,452,43681],"class_list":["post-613248","post","type-post","status-publish","format-standard","has-post-thumbnail","hentry","category-estado-de-mexico","tag-estado-de-mexico","tag-marca-turistica","tag-toluca","tag-turismo"],"_links":{"self":[{"href":"https:\/\/www.diarioimagen.net\/index.php?rest_route=\/wp\/v2\/posts\/613248","targetHints":{"allow":["GET"]}}],"collection":[{"href":"https:\/\/www.diarioimagen.net\/index.php?rest_route=\/wp\/v2\/posts"}],"about":[{"href":"https:\/\/www.diarioimagen.net\/index.php?rest_route=\/wp\/v2\/types\/post"}],"author":[{"embeddable":true,"href":"https:\/\/www.diarioimagen.net\/index.php?rest_route=\/wp\/v2\/users\/3"}],"replies":[{"embeddable":true,"href":"https:\/\/www.diarioimagen.net\/index.php?rest_route=%2Fwp%2Fv2%2Fcomments&post=613248"}],"version-history":[{"count":0,"href":"https:\/\/www.diarioimagen.net\/index.php?rest_route=\/wp\/v2\/posts\/613248\/revisions"}],"wp:featuredmedia":[{"embeddable":true,"href":"https:\/\/www.diarioimagen.net\/index.php?rest_route=\/wp\/v2\/media\/613333"}],"wp:attachment":[{"href":"https:\/\/www.diarioimagen.net\/index.php?rest_route=%2Fwp%2Fv2%2Fmedia&parent=613248"}],"wp:term":[{"taxonomy":"category","embeddable":true,"href":"https:\/\/www.diarioimagen.net\/index.php?rest_route=%2Fwp%2Fv2%2Fcategories&post=613248"},{"taxonomy":"post_tag","embeddable":true,"href":"https:\/\/www.diarioimagen.net\/index.php?rest_route=%2Fwp%2Fv2%2Ftags&post=613248"}],"curies":[{"name":"wp","href":"https:\/\/api.w.org\/{rel}","templated":true}]}}