{"id":613388,"date":"2024-03-19T00:01:14","date_gmt":"2024-03-19T06:01:14","guid":{"rendered":"https:\/\/www.diarioimagen.net\/?p=613388"},"modified":"2024-03-20T00:52:43","modified_gmt":"2024-03-20T06:52:43","slug":"adopcion-es-acto-irrevocable","status":"publish","type":"post","link":"https:\/\/www.diarioimagen.net\/?p=613388","title":{"rendered":"Adopci\u00f3n es acto irrevocable"},"content":{"rendered":"<p>&nbsp;<\/p>\n<ul>\n<li><em><strong>As\u00ed lo se\u00f1al\u00f3 el juez Segundo Familiar de Proceso Oral del PJCDMX, Eduardo Garc\u00eda Ram\u00edrez, quien subray\u00f3 que los adoptantes no pueden, ante esa decisi\u00f3n, despu\u00e9s decir que siempre no<\/strong><\/em><\/li>\n<\/ul>\n<p>&nbsp;<\/p>\n<div id=\"attachment_613470\" style=\"width: 470px\" class=\"wp-caption aligncenter\"><a href=\"https:\/\/www.diarioimagen.net\/?attachment_id=613470\" rel=\"attachment wp-att-613470\"><img loading=\"lazy\" decoding=\"async\" aria-describedby=\"caption-attachment-613470\" class=\"wp-image-613470 size-full\" src=\"https:\/\/www.diarioimagen.net\/wp-content\/uploads\/2024\/03\/adopcion-es-irrevocable.jpg\" alt=\"\" width=\"460\" height=\"270\" \/><\/a><p id=\"caption-attachment-613470\" class=\"wp-caption-text\">El juez Segundo Familiar de Proceso Oral del PJCDMX, Eduardo Garc\u00eda Ram\u00edrez, se\u00f1al\u00f3 que las y los impartidores de justicia del PJCDMX tambi\u00e9n resuelven adopciones internacionales en las cuales observan \u201ccon lupa\u201d el tratado internacional en la materia que rige ese procedimiento entre los ciudadanos de los pa\u00edses firmantes.<\/p><\/div>\n<p>&nbsp;<\/p>\n<p>La adopci\u00f3n es un acto jur\u00eddico irrevocable, por lo que quienes adoptan no pueden con posterioridad decir que siempre no, afirm\u00f3 el juez Segundo Familiar de Proceso Oral, Eduardo Garc\u00eda Ram\u00edrez, del Poder Judicial de la Ciudad de M\u00e9xico (PJCDMX), que encabeza el magistrado Rafael Guerra \u00c1lvarez.<\/p>\n<p>\u201cNo me puedo arrepentir, porque ese ni\u00f1o entra a una nueva familia y, entonces, ya no se considera un hijo adoptado, se considera un hijo consangu\u00edneo de su nueva familia; as\u00ed lo considera la ley\u201d, precis\u00f3.<\/p>\n<p>Asegur\u00f3 que las y los impartidores de justicia evitan una situaci\u00f3n de esa naturaleza, al momento de valorar las pruebas y periciales a las que son sometidos los adoptantes como parte del juicio respectivo que se desahoga.<\/p>\n<p>Respecto a la imposibilidad de revocaci\u00f3n de la adopci\u00f3n, precis\u00f3 que esto es as\u00ed dado que el adoptado, de acuerdo con la ley, pasa a ser un hijo consangu\u00edneo y objeto de una \u201cadopci\u00f3n plena\u201d.<\/p>\n<p>Record\u00f3 que el juicio de adopci\u00f3n implica un procedimiento en el que se llevan a cabo diversos estudios al o los solicitantes, entre estos, el psicol\u00f3gico, socioecon\u00f3mico y la visita domiciliaria, los cuales permitir\u00e1n al juez determinar si esas personas van a querer, respetar y promover el desarrollo del menor de edad a adoptar.<\/p>\n<p>\u201cSe ve d\u00f3nde va a estar el ni\u00f1o, cu\u00e1l va a ser su rec\u00e1mara, qu\u00e9 atenci\u00f3n se le va a brindar\u201d, puntualiz\u00f3 Garc\u00eda Ram\u00edrez, quien dijo que el PJCDMX cuenta con un \u00e1rea de psicolog\u00eda de apoyo judicial de excelencia, y quien enfatiz\u00f3 que no se entrega a un menor de edad a unos adoptantes \u201cpara ver si el d\u00eda de ma\u00f1ana se arrepiente\u201d.<\/p>\n<p>Asimismo, Garc\u00eda Ram\u00edrez coment\u00f3 que impartidores de justicia del \u00f3rgano judicial capitalino tambi\u00e9n resuelven adopciones de car\u00e1cter internacional, en las cuales observan \u201ccon lupa\u201d el tratado internacional en la materia que rige ese procedimiento entre los pa\u00edses firmantes del instrumento multinacional.<\/p>\n<p>El juez analiza, dijo, con mucha acuciosidad, dado que el menor de edad se ir\u00e1 a un pa\u00eds extranjero y \u201cno podemos fallar\u201d, aunque destac\u00f3 que, una vez concedida la adopci\u00f3n, se da un seguimiento al estado del menor a trav\u00e9s de las instancias de cada pa\u00eds encargadas de ver por el estado de las familias.<\/p>\n<p>Coment\u00f3 que hay un tratado internacional en la materia, el Convenio de Cooperaci\u00f3n en Materia de Adopci\u00f3n, mediante el que se trabaja con la Secretar\u00eda de Relaciones Exteriores, instancia encargada por parte del Estado mexicano.<\/p>\n<p>\u201cLo aplicamos los jueces y lo seguimos perfectamente; nos da todas las caracter\u00edsticas de las adopciones internacionales vigilando que todo est\u00e9 bien, y entonces tenemos ni\u00f1os que tienen derecho a una justicia restaurativa y se van a otro pa\u00eds con padres que los van a querer, que los van a atender, donde se van a desarrollar y recibir mejores oportunidades\u201d, coment\u00f3 el impartidor de justicia.<\/p>\n","protected":false},"excerpt":{"rendered":"<p>La adopci\u00f3n es un acto jur\u00eddico irrevocable, por lo que quienes adoptan no pueden con posterioridad decir que siempre no, afirm\u00f3 el juez Segundo Familiar de Proceso Oral, Eduardo Garc\u00eda Ram\u00edrez, del Poder Judicial de la Ciudad de M\u00e9xico (PJCDMX), que encabeza el magistrado Rafael Guerra \u00c1lvarez.<\/p>\n","protected":false},"author":3,"featured_media":613470,"comment_status":"open","ping_status":"open","sticky":false,"template":"","format":"standard","meta":{"_monsterinsights_skip_tracking":false,"_monsterinsights_sitenote_active":false,"_monsterinsights_sitenote_note":"","_monsterinsights_sitenote_category":0,"footnotes":""},"categories":[6],"tags":[99627,87379,79994],"class_list":["post-613388","post","type-post","status-publish","format-standard","has-post-thumbnail","hentry","category-cd-de-mexico","tag-irrevocable","tag-pjcdmx","tag-rafael-guerra-alvarez"],"_links":{"self":[{"href":"https:\/\/www.diarioimagen.net\/index.php?rest_route=\/wp\/v2\/posts\/613388","targetHints":{"allow":["GET"]}}],"collection":[{"href":"https:\/\/www.diarioimagen.net\/index.php?rest_route=\/wp\/v2\/posts"}],"about":[{"href":"https:\/\/www.diarioimagen.net\/index.php?rest_route=\/wp\/v2\/types\/post"}],"author":[{"embeddable":true,"href":"https:\/\/www.diarioimagen.net\/index.php?rest_route=\/wp\/v2\/users\/3"}],"replies":[{"embeddable":true,"href":"https:\/\/www.diarioimagen.net\/index.php?rest_route=%2Fwp%2Fv2%2Fcomments&post=613388"}],"version-history":[{"count":0,"href":"https:\/\/www.diarioimagen.net\/index.php?rest_route=\/wp\/v2\/posts\/613388\/revisions"}],"wp:featuredmedia":[{"embeddable":true,"href":"https:\/\/www.diarioimagen.net\/index.php?rest_route=\/wp\/v2\/media\/613470"}],"wp:attachment":[{"href":"https:\/\/www.diarioimagen.net\/index.php?rest_route=%2Fwp%2Fv2%2Fmedia&parent=613388"}],"wp:term":[{"taxonomy":"category","embeddable":true,"href":"https:\/\/www.diarioimagen.net\/index.php?rest_route=%2Fwp%2Fv2%2Fcategories&post=613388"},{"taxonomy":"post_tag","embeddable":true,"href":"https:\/\/www.diarioimagen.net\/index.php?rest_route=%2Fwp%2Fv2%2Ftags&post=613388"}],"curies":[{"name":"wp","href":"https:\/\/api.w.org\/{rel}","templated":true}]}}