{"id":613396,"date":"2024-03-19T00:01:18","date_gmt":"2024-03-19T06:01:18","guid":{"rendered":"https:\/\/www.diarioimagen.net\/?p=613396"},"modified":"2024-03-20T00:55:20","modified_gmt":"2024-03-20T06:55:20","slug":"crecera-el-ingreso-irregular-de-haitianos-a-mexico-activistas","status":"publish","type":"post","link":"https:\/\/www.diarioimagen.net\/?p=613396","title":{"rendered":"Crecer\u00e1 el ingreso irregular\u00a0de haitianos a\u00a0M\u00e9xico: activistas"},"content":{"rendered":"<p>&nbsp;<\/p>\n<ul>\n<li><em><strong>\u00c9xodo por crisis pol\u00edtica<\/strong><\/em><\/li>\n<\/ul>\n<p>&nbsp;<\/p>\n<div id=\"attachment_613483\" style=\"width: 470px\" class=\"wp-caption aligncenter\"><a href=\"https:\/\/www.diarioimagen.net\/?attachment_id=613483\" rel=\"attachment wp-att-613483\"><img loading=\"lazy\" decoding=\"async\" aria-describedby=\"caption-attachment-613483\" class=\"size-full wp-image-613483\" src=\"https:\/\/www.diarioimagen.net\/wp-content\/uploads\/2024\/03\/crecera-ingreso-haitianos.jpg\" alt=\"\" width=\"460\" height=\"270\" \/><\/a><p id=\"caption-attachment-613483\" class=\"wp-caption-text\">Activistas de la frontera sur de M\u00e9xico esperan una nueva oleada de migrantes indocumentados haitianos, ante la actual crisis pol\u00edtica que hay en ese pa\u00eds.<\/p><\/div>\n<p>&nbsp;<\/p>\n<p>Ante la actual crisis pol\u00edtica en Hait\u00ed, migrantes y activistas de la frontera sur de M\u00e9xico esperan una nueva oleada de migrantes desde ese pa\u00eds, cuyo ingreso irregular en territorio mexicano se multiplic\u00f3 por 10 en 2023 y represent\u00f3 el principal pa\u00eds de origen de las solicitudes de asilo.<\/p>\n<p>Es \u201cpreocupante\u201d la ingobernabilidad en Hait\u00ed tras la renuncia esta semana del primer ministro, Ariel Henry, y la declaraci\u00f3n de un estado de emergencia ante la creciente violencia de las bandas armadas, se\u00f1al\u00f3 Rafael Alegr\u00eda, defensor de los derechos de los migrantes en Tapachula, Chiapas.<\/p>\n<p>\u201cNo es de espantarnos que pueda venir una caravana masiva, sobre todo despu\u00e9s de estas fugas que ha habido de diversas prisiones del pa\u00eds, en donde es preocupante que no se atienda de manera concisa el tr\u00e1fico de personas que hay, el ingreso a nuestro pa\u00eds de forma digna, ordenada y segura\u201d, coment\u00f3.<\/p>\n<p>La violencia en Puerto Pr\u00edncipe, la capital haitiana, aument\u00f3 desde que el 28 de febrero, Henry se comprometi\u00f3 a celebrar elecciones antes de agosto de 2025, pese a que \u00e9l debi\u00f3 concluir su mandato el pasado 7 de febrero.<\/p>\n<p>El pa\u00eds caribe\u00f1o est\u00e1 sumido desde hace semanas en un conflicto protagonizado por bandas armadas que controlan gran parte del territorio y que llevaron a Henry a anunciar que dimitir\u00e1 una vez se conforme el consejo de transici\u00f3n para designar a su sucesor y alistar las elecciones presidenciales.<\/p>\n<p>Esta situaci\u00f3n podr\u00eda repercutir en la frontera sur de M\u00e9xico ante la llegada de m\u00e1s haitianos, quienes suelen afrontar discriminaci\u00f3n por su idioma y color de piel, advirti\u00f3 Luis Rey Garc\u00eda Villagr\u00e1n, director del Centro de Dignificaci\u00f3n Humana (CDH).<\/p>\n<p>Desde 2023, Hait\u00ed desplaz\u00f3 a Honduras como el principal pa\u00eds de origen de peticionarios ante la Comisi\u00f3n Mexicana de Ayuda a Refugiados (Comar), con 44.239, m\u00e1s del doble de las 17,220 solicitudes del pa\u00eds caribe\u00f1o en 2022.<\/p>\n<p>Adem\u00e1s, la Unidad de Pol\u00edtica Migratoria report\u00f3 en 2023 m\u00e1s de 45,000 migrantes irregulares de Hait\u00ed, un aumento interanual cercano a 900%.<\/p>\n<p>\u201cLos migrantes haitianos son considerados migrantes econ\u00f3micos y, por lo tanto, no tienen ese beneficio para ser reconocidos en la condici\u00f3n de refugiados por parte de la Comar. Hay discriminaci\u00f3n y actuaciones discrecionales, sobre todo de la Comar, para este grupo de personas\u201d, sostuvo Garc\u00eda Villagr\u00e1n.<\/p>\n<p>En la frontera de M\u00e9xico con Centroam\u00e9rica ya abundan historias de haitianos como la de Girome Yunes, quien asegur\u00f3 que la mayor\u00eda de sus compatriotas salen porque el pa\u00eds \u201cest\u00e1 en guerra\u201d.<\/p>\n<p>\u201cEstamos procurando un espacio para poder vivir, porque la mayor\u00eda est\u00e1 en guerra, saliendo de casa, procurando vivir y sobrevivir, la mayor\u00eda est\u00e1 saliendo para un mejor pa\u00eds, los que los han obligado a salir son los malos presidentes que no ayudan\u201d, dijo.<\/p>\n","protected":false},"excerpt":{"rendered":"<p>Ante la actual crisis pol\u00edtica en Hait\u00ed, migrantes y activistas de la frontera sur de M\u00e9xico esperan una nueva oleada de migrantes desde ese pa\u00eds, cuyo ingreso irregular en territorio mexicano se multiplic\u00f3 por 10 en 2023 y represent\u00f3 el principal pa\u00eds de origen de las solicitudes de asilo.<\/p>\n","protected":false},"author":3,"featured_media":613483,"comment_status":"open","ping_status":"open","sticky":false,"template":"","format":"standard","meta":{"_monsterinsights_skip_tracking":false,"_monsterinsights_sitenote_active":false,"_monsterinsights_sitenote_note":"","_monsterinsights_sitenote_category":0,"footnotes":""},"categories":[17,3],"tags":[89733,93731,20016,43673],"class_list":["post-613396","post","type-post","status-publish","format-standard","has-post-thumbnail","hentry","category-especiales","category-nacional","tag-activistas","tag-haitianos","tag-ingreso","tag-nacional"],"_links":{"self":[{"href":"https:\/\/www.diarioimagen.net\/index.php?rest_route=\/wp\/v2\/posts\/613396","targetHints":{"allow":["GET"]}}],"collection":[{"href":"https:\/\/www.diarioimagen.net\/index.php?rest_route=\/wp\/v2\/posts"}],"about":[{"href":"https:\/\/www.diarioimagen.net\/index.php?rest_route=\/wp\/v2\/types\/post"}],"author":[{"embeddable":true,"href":"https:\/\/www.diarioimagen.net\/index.php?rest_route=\/wp\/v2\/users\/3"}],"replies":[{"embeddable":true,"href":"https:\/\/www.diarioimagen.net\/index.php?rest_route=%2Fwp%2Fv2%2Fcomments&post=613396"}],"version-history":[{"count":0,"href":"https:\/\/www.diarioimagen.net\/index.php?rest_route=\/wp\/v2\/posts\/613396\/revisions"}],"wp:featuredmedia":[{"embeddable":true,"href":"https:\/\/www.diarioimagen.net\/index.php?rest_route=\/wp\/v2\/media\/613483"}],"wp:attachment":[{"href":"https:\/\/www.diarioimagen.net\/index.php?rest_route=%2Fwp%2Fv2%2Fmedia&parent=613396"}],"wp:term":[{"taxonomy":"category","embeddable":true,"href":"https:\/\/www.diarioimagen.net\/index.php?rest_route=%2Fwp%2Fv2%2Fcategories&post=613396"},{"taxonomy":"post_tag","embeddable":true,"href":"https:\/\/www.diarioimagen.net\/index.php?rest_route=%2Fwp%2Fv2%2Ftags&post=613396"}],"curies":[{"name":"wp","href":"https:\/\/api.w.org\/{rel}","templated":true}]}}