{"id":613409,"date":"2024-03-19T00:05:48","date_gmt":"2024-03-19T06:05:48","guid":{"rendered":"https:\/\/www.diarioimagen.net\/?p=613409"},"modified":"2024-03-20T00:53:19","modified_gmt":"2024-03-20T06:53:19","slug":"mesa-de-coordinacion-para-la-construccion-de-la-paz-da-seguimiento-a-las-acciones-para-prevenir-combatir-y-controlar-incendios","status":"publish","type":"post","link":"https:\/\/www.diarioimagen.net\/?p=613409","title":{"rendered":"Mesa de Coordinaci\u00f3n para la Construcci\u00f3n de la Paz da seguimiento a las acciones para prevenir, combatir y controlar incendios"},"content":{"rendered":"<p>&nbsp;<\/p>\n<ul>\n<li><strong><em>El Gobierno del Estado de M\u00e9xico pone a disposici\u00f3n de la poblaci\u00f3n los n\u00fameros 911 y 800-590-1700 de Probosque, para reportar incendios<\/em><\/strong><\/li>\n<li><strong><em>Se recomienda que durante temporada de estiaje se evite encender fogatas, no fumar en bosques o pastizales, no quemar basura y en caso de realizar quemas controladas, hacerlo por la ma\u00f1ana<\/em><\/strong><\/li>\n<\/ul>\n<p><strong>\u00a0<\/strong><\/p>\n<div id=\"attachment_613509\" style=\"width: 470px\" class=\"wp-caption aligncenter\"><a href=\"https:\/\/www.diarioimagen.net\/?attachment_id=613509\" rel=\"attachment wp-att-613509\"><img loading=\"lazy\" decoding=\"async\" aria-describedby=\"caption-attachment-613509\" class=\"size-full wp-image-613509\" src=\"https:\/\/www.diarioimagen.net\/wp-content\/uploads\/2024\/03\/mesa-de-coordinacion.jpg\" alt=\"\" width=\"460\" height=\"270\" \/><\/a><p id=\"caption-attachment-613509\" class=\"wp-caption-text\">En la Mesa de Coordinaci\u00f3n para la Construcci\u00f3n de la Paz n\u00famero 51 participaron el Secretario General de Gobierno del Estado de M\u00e9xico; el Secretario de Seguridad mexiquense; el Fiscal General de Justicia del Estado de M\u00e9xico, as\u00ed como representantes de la Defensa, de Marina, de la Guardia Nacional, de Derechos Humanos y del Centro Nacional de Inteligencia.<\/p><\/div>\n<p>&nbsp;<\/p>\n<p><strong>Toluca, Estado de M\u00e9xico.\u2014<\/strong> En la Mesa de Coordinaci\u00f3n para la Construcci\u00f3n de la Paz, la Gobernadora del Estado de M\u00e9xico y autoridades de los tres \u00f3rdenes de gobierno dieron seguimiento a las acciones que se llevan a cabo en territorio mexiquense, para prevenir, combatir y controlar incendios durante la temporada de estiaje.<\/p>\n<p>El Centro Nacional de Prevenci\u00f3n de Desastres se\u00f1ala que, en M\u00e9xico, la temporada de incendios coincide con la \u00e9poca de estiaje, de enero a mayo, por lo que es necesario impulsar acciones coordinadas, para prevenir la presencia de incendios, principalmente en las zonas forestales.<\/p>\n<p>El Gobierno del Estado de M\u00e9xico recomienda a la poblaci\u00f3n evitar encender fogatas, en caso de hacerlo, elegir un sitio alejado de \u00e1rboles, pastos y hojarasca, al retirarse cerciorarse de apagarla por completo; no fumar en bosques o pastizales.<\/p>\n<p>Tambi\u00e9n se debe evitar arrojar materiales inflamables, no quemar basura, en caso de realizar quemas controladas en el campo, hacerlo temprano porque es el momento en que hay poco viento y m\u00e1s humedad, adem\u00e1s de asegurarse apagarla por completo.<\/p>\n<p>Para reportar incendios en el Estado de M\u00e9xico a se pone a disposici\u00f3n el n\u00famero 911, as\u00ed como el 800-590-1700 de la Protectora de Bosques del Estado de M\u00e9xico. Reporte de Incendios Forestales (Probosque), adem\u00e1s de que la entidad cuenta con una mesa de trabajo interinstitucional para prevenir y atender incendios forestales.<\/p>\n<p>En la Mesa de Coordinaci\u00f3n para la Construcci\u00f3n de la Paz n\u00famero 51 participaron el Secretario General de Gobierno del Estado de M\u00e9xico; el Secretario de Seguridad mexiquense; el Fiscal General de Justicia del Estado de M\u00e9xico, as\u00ed como representantes de la Secretar\u00eda de la Defensa Nacional, de la Secretar\u00eda de Marina, de la Guardia Nacional, de Derechos Humanos y del Centro Nacional de Inteligencia.<\/p>\n<p>&nbsp;<\/p>\n<blockquote><p><strong>El gobierno mexiquense recomienda <\/strong><strong>que durante temporada de estiaje se <\/strong><strong>evite encender fogatas, no fumar <\/strong><strong>en bosques o pastizales, no quemar <\/strong><strong>basura y en caso de realizar quemas<\/strong><strong>\u00a0controladas, hacerlo por la ma\u00f1ana<\/strong><\/p><\/blockquote>\n","protected":false},"excerpt":{"rendered":"<p>En la Mesa de Coordinaci\u00f3n para la Construcci\u00f3n de la Paz, la Gobernadora del Estado de M\u00e9xico y autoridades de los tres \u00f3rdenes de gobierno dieron seguimiento a las acciones que se llevan a cabo en territorio mexiquense, para prevenir, combatir y controlar incendios durante la temporada de estiaje.<\/p>\n","protected":false},"author":3,"featured_media":613509,"comment_status":"open","ping_status":"open","sticky":false,"template":"","format":"standard","meta":{"_monsterinsights_skip_tracking":false,"_monsterinsights_sitenote_active":false,"_monsterinsights_sitenote_note":"","_monsterinsights_sitenote_category":0,"footnotes":""},"categories":[5],"tags":[45431,43675,10465,452],"class_list":["post-613409","post","type-post","status-publish","format-standard","has-post-thumbnail","hentry","category-estado-de-mexico","tag-combatir","tag-estado-de-mexico","tag-incendios","tag-toluca"],"_links":{"self":[{"href":"https:\/\/www.diarioimagen.net\/index.php?rest_route=\/wp\/v2\/posts\/613409","targetHints":{"allow":["GET"]}}],"collection":[{"href":"https:\/\/www.diarioimagen.net\/index.php?rest_route=\/wp\/v2\/posts"}],"about":[{"href":"https:\/\/www.diarioimagen.net\/index.php?rest_route=\/wp\/v2\/types\/post"}],"author":[{"embeddable":true,"href":"https:\/\/www.diarioimagen.net\/index.php?rest_route=\/wp\/v2\/users\/3"}],"replies":[{"embeddable":true,"href":"https:\/\/www.diarioimagen.net\/index.php?rest_route=%2Fwp%2Fv2%2Fcomments&post=613409"}],"version-history":[{"count":0,"href":"https:\/\/www.diarioimagen.net\/index.php?rest_route=\/wp\/v2\/posts\/613409\/revisions"}],"wp:featuredmedia":[{"embeddable":true,"href":"https:\/\/www.diarioimagen.net\/index.php?rest_route=\/wp\/v2\/media\/613509"}],"wp:attachment":[{"href":"https:\/\/www.diarioimagen.net\/index.php?rest_route=%2Fwp%2Fv2%2Fmedia&parent=613409"}],"wp:term":[{"taxonomy":"category","embeddable":true,"href":"https:\/\/www.diarioimagen.net\/index.php?rest_route=%2Fwp%2Fv2%2Fcategories&post=613409"},{"taxonomy":"post_tag","embeddable":true,"href":"https:\/\/www.diarioimagen.net\/index.php?rest_route=%2Fwp%2Fv2%2Ftags&post=613409"}],"curies":[{"name":"wp","href":"https:\/\/api.w.org\/{rel}","templated":true}]}}