{"id":613558,"date":"2024-03-20T00:03:41","date_gmt":"2024-03-20T06:03:41","guid":{"rendered":"https:\/\/www.diarioimagen.net\/?p=613558"},"modified":"2024-03-20T01:34:13","modified_gmt":"2024-03-20T07:34:13","slug":"anuncia-el-pvem-la-adhesion-de-claudia-sanchez-juarez-le-da-candidatura","status":"publish","type":"post","link":"https:\/\/www.diarioimagen.net\/?p=613558","title":{"rendered":"Anuncia el PVEM la adhesi\u00f3n de Claudia S\u00e1nchez Ju\u00e1rez; le da candidatura"},"content":{"rendered":"<p>&nbsp;<\/p>\n<ul>\n<li><strong><em>Tras 20 a\u00f1os de militancia panista<\/em><\/strong><\/li>\n<\/ul>\n<p>&nbsp;<\/p>\n<div id=\"attachment_613638\" style=\"width: 470px\" class=\"wp-caption aligncenter\"><a href=\"https:\/\/www.diarioimagen.net\/?attachment_id=613638\" rel=\"attachment wp-att-613638\"><img loading=\"lazy\" decoding=\"async\" aria-describedby=\"caption-attachment-613638\" class=\"size-full wp-image-613638\" src=\"https:\/\/www.diarioimagen.net\/wp-content\/uploads\/2024\/03\/anuncia-pvem.jpg\" alt=\"\" width=\"460\" height=\"270\" \/><\/a><p id=\"caption-attachment-613638\" class=\"wp-caption-text\">Jos\u00e9 Alberto Couttolenc, l\u00edder del PVEM, en Edomex, anunci\u00f3 la adhesi\u00f3n de las ex panistas Claudia S\u00e1nchez Ju\u00e1rez y Ana Paola Guerra Flores.<\/p><\/div>\n<p>&nbsp;<\/p>\n<p><strong>Toluca, Estado de M\u00e9xico.\u2014<\/strong> Tras 20 a\u00f1os como militante en el Partido Acci\u00f3n Nacional (PAN), Claudia S\u00e1nchez Ju\u00e1rez anunci\u00f3 su incorporaci\u00f3n al Partido Verde Ecologista de M\u00e9xico (PVEM) mexiquense para encabezar la candidatura por la diputaci\u00f3n federal por el Distrito 18, respaldada por PVEM, Morena y PT.<\/p>\n<p>El Verde Ecologista, a trav\u00e9s de su dirigente Jos\u00e9 Alberto Couttolenc, tambi\u00e9n anunci\u00f3 la suma de la empresaria Ana Paola Guerra Flores, quien aspira como suplente de este cargo.<\/p>\n<p>En su participaci\u00f3n, S\u00e1nchez Ju\u00e1rez agradeci\u00f3 al PAN y a su gente trabajadora, donde \u201cah\u00ed me form\u00e9, crec\u00ed, milit\u00e9 hasta el d\u00eda de hoy que el Partido Verde me da la oportunidad\u201d, no obstante, se\u00f1al\u00f3 que su salida se debe a la actuaci\u00f3n que est\u00e1n destruyendo este instituto pol\u00edtico.<\/p>\n<p>Invit\u00f3 a los militantes panistas a sumarse al proyecto verde, al tiempo de agradecer a Jos\u00e9 Couttolenc.\u00a0 la confianza de abrirle las puertas con esta candidatura con la intenci\u00f3n de ganarla y de trabajar con ella y de aportar en materia legislativa y de gesti\u00f3n.<\/p>\n<p>\u201cTenemos muy buenos amigos, buenas estructuras, estamos caminando, haciendo frente sobre todo en Huixquilucan para quitar a este este r\u00e9gimen de monarqu\u00eda que se pretende instalar en Huixquilucan, en donde hay una familia, la familia Vargas, que la vamos a sacar desde el Partido Verde a punta de votos\u201d, agreg\u00f3 la nueva ecologista.<\/p>\n","protected":false},"excerpt":{"rendered":"<p>Tras 20 a\u00f1os como militante en el Partido Acci\u00f3n Nacional (PAN), Claudia S\u00e1nchez Ju\u00e1rez anunci\u00f3 su incorporaci\u00f3n al Partido Verde Ecologista de M\u00e9xico (PVEM) mexiquense para encabezar la candidatura por la diputaci\u00f3n federal por el Distrito 18, respaldada por PVEM, Morena y PT.<\/p>\n","protected":false},"author":3,"featured_media":613638,"comment_status":"open","ping_status":"open","sticky":false,"template":"","format":"standard","meta":{"_monsterinsights_skip_tracking":false,"_monsterinsights_sitenote_active":false,"_monsterinsights_sitenote_note":"","_monsterinsights_sitenote_category":0,"footnotes":""},"categories":[5],"tags":[43675,96052,1416,452],"class_list":["post-613558","post","type-post","status-publish","format-standard","has-post-thumbnail","hentry","category-estado-de-mexico","tag-estado-de-mexico","tag-jose-alberto-couttolenc","tag-pvem","tag-toluca"],"_links":{"self":[{"href":"https:\/\/www.diarioimagen.net\/index.php?rest_route=\/wp\/v2\/posts\/613558","targetHints":{"allow":["GET"]}}],"collection":[{"href":"https:\/\/www.diarioimagen.net\/index.php?rest_route=\/wp\/v2\/posts"}],"about":[{"href":"https:\/\/www.diarioimagen.net\/index.php?rest_route=\/wp\/v2\/types\/post"}],"author":[{"embeddable":true,"href":"https:\/\/www.diarioimagen.net\/index.php?rest_route=\/wp\/v2\/users\/3"}],"replies":[{"embeddable":true,"href":"https:\/\/www.diarioimagen.net\/index.php?rest_route=%2Fwp%2Fv2%2Fcomments&post=613558"}],"version-history":[{"count":0,"href":"https:\/\/www.diarioimagen.net\/index.php?rest_route=\/wp\/v2\/posts\/613558\/revisions"}],"wp:featuredmedia":[{"embeddable":true,"href":"https:\/\/www.diarioimagen.net\/index.php?rest_route=\/wp\/v2\/media\/613638"}],"wp:attachment":[{"href":"https:\/\/www.diarioimagen.net\/index.php?rest_route=%2Fwp%2Fv2%2Fmedia&parent=613558"}],"wp:term":[{"taxonomy":"category","embeddable":true,"href":"https:\/\/www.diarioimagen.net\/index.php?rest_route=%2Fwp%2Fv2%2Fcategories&post=613558"},{"taxonomy":"post_tag","embeddable":true,"href":"https:\/\/www.diarioimagen.net\/index.php?rest_route=%2Fwp%2Fv2%2Ftags&post=613558"}],"curies":[{"name":"wp","href":"https:\/\/api.w.org\/{rel}","templated":true}]}}