{"id":613719,"date":"2024-03-21T00:01:06","date_gmt":"2024-03-21T06:01:06","guid":{"rendered":"https:\/\/www.diarioimagen.net\/?p=613719"},"modified":"2024-03-22T00:05:35","modified_gmt":"2024-03-22T06:05:35","slug":"signan-convenio-para-otorgar-fianzas-a-primodelincuentes-y-reos-con-derecho-a-beneficios-de-ley","status":"publish","type":"post","link":"https:\/\/www.diarioimagen.net\/?p=613719","title":{"rendered":"Signan convenio para otorgar fianzas a primodelincuentes y reos con derecho a beneficios de ley"},"content":{"rendered":"<p>&nbsp;<\/p>\n<ul>\n<li><strong><em>Representantes de la Facultad de Derecho de la UNAM, de la Fundaci\u00f3n Telmex Telcel, de la Fundaci\u00f3n Mexicana de Reintegraci\u00f3n Social y del Poder Judicial de la Ciudad de M\u00e9xico firmaron el documento<\/em><\/strong><\/li>\n<\/ul>\n<p>&nbsp;<\/p>\n<div id=\"attachment_613794\" style=\"width: 470px\" class=\"wp-caption aligncenter\"><a href=\"https:\/\/www.diarioimagen.net\/?attachment_id=613794\" rel=\"attachment wp-att-613794\"><img loading=\"lazy\" decoding=\"async\" aria-describedby=\"caption-attachment-613794\" class=\"size-full wp-image-613794\" src=\"https:\/\/www.diarioimagen.net\/wp-content\/uploads\/2024\/03\/tribunal-7.jpg\" alt=\"\" width=\"460\" height=\"270\" \/><\/a><p id=\"caption-attachment-613794\" class=\"wp-caption-text\">El magistrado Rafael Guerra \u00c1lvarez, presidente del PJCDMX, destac\u00f3 que esas fianzas son una \u201cinversi\u00f3n social\u201d que trascienden al ser individual e institucional en favor de la materia prima del tejido humano.<\/p><\/div>\n<p>&nbsp;<\/p>\n<p>Personas primodelincuentes de bajos recursos econ\u00f3micos y personas privadas de la libertad con derecho a los beneficios establecidos por la ley para compurgar su pena en libertad, ser\u00e1n beneficiadas con el otorgamiento de una fianza, gracias a un convenio de colaboraci\u00f3n entre la Facultad de Derecho de la Universidad Nacional Aut\u00f3noma de M\u00e9xico (UNAM), la Fundaci\u00f3n Telmex Telcel, la Fundaci\u00f3n Mexicana de Reintegraci\u00f3n Social (Reintegra) y el Poder Judicial de la Ciudad de M\u00e9xico (PJCDMX).<\/p>\n<p>En el acto donde los representantes de esas instancias signaron el convenio, el presidente del \u00f3rgano judicial capitalino, magistrado Rafael Guerra \u00c1lvarez, destac\u00f3 que esas fianzas son una \u201cinversi\u00f3n social\u201d que trasciende al ser individual e institucional en favor de la materia prima del tejido comunitario.<\/p>\n<p>En el Sal\u00f3n Constitucional del PJCDMX, detall\u00f3 que los beneficios de ley son la suspensi\u00f3n condicional de la ejecuci\u00f3n de la pena y el derecho a la exhibici\u00f3n de una garant\u00eda para poder gozar de la libertad provisional bajo cauci\u00f3n en el proceso escrito, as\u00ed como la exhibici\u00f3n de la garant\u00eda econ\u00f3mica cuando se impone como medida cautelar en el nuevo sistema de justicia penal.<\/p>\n<p>Con la presencia del director de la Facultad de Derecho de la UNAM, Ra\u00fal Contreras Bustamante; del director general de la Fundaci\u00f3n Telmex Telcel, Arturo El\u00edas Ayub, y del presidente de Reintegra, Jaime Cort\u00e9s Rocha, el magistrado coment\u00f3 que el convenio firmado brinda la oportunidad de conjugar la riqueza humana de la academia, la sociedad civil y el servicio p\u00fablico, lo que es de la mayor trascendencia social.<\/p>\n<p>\u201cQuiero refrendar nuestro mayor voto de confianza en la nobleza del alma humana, en la supervivencia de la bondad y la reforma del car\u00e1cter. La impartici\u00f3n de justicia cree en la capacidad innata de la virtud y trabajamos por ella\u201d, destac\u00f3.<\/p>\n<p>Con la presencia de consejeras y\u00a0 consejeros de la Judicatura de la Ciudad de M\u00e9xico, magistradas, magistrados y de juezas y jueces, Guerra \u00c1lvarez destac\u00f3 la importancia del impulso t\u00e9cnico y la solvencia de la Facultad de Derecho; el humanismo y responsabilidad social de la UNAM en su conjunto, y el invaluable compromiso social de las fundaciones Telmex Telcel y Mexicana de Reintegraci\u00f3n Social por hacer posible llevar a cabo el prop\u00f3sito del convenio.<\/p>\n<p>En su oportunidad, Contreras Bustamante destac\u00f3 que solo una sensibilidad como la del magistrado Guerra \u00c1lvarez hizo posible la firma del convenio, y explic\u00f3 que ser\u00e1n estudiantes de la Facultad de Derecho, con la asesor\u00eda y orientaci\u00f3n de personal del PJCDMX, quienes brinden asesor\u00eda jur\u00eddica a personas primodelincuentes y personas privadas de la libertad susceptibles de los beneficios de ley para la obtenci\u00f3n de una fianza.<\/p>\n<p>Por su parte, El\u00edas Ayub enfatiz\u00f3 que el programa de fianzas es el m\u00e1s importante de la Fundaci\u00f3n Telmex Telcel, porque permite la libertad a personas que llegan a la c\u00e1rcel m\u00e1s por ser pobres que\u00a0 delincuentes. Enfatiz\u00f3 que por instrucciones del ingeniero Carlos Slim, no hay un l\u00edmite de n\u00famero de fianzas a entregar.<\/p>\n<p>En tanto, Cort\u00e9s Rocha record\u00f3 que, a trav\u00e9s de este programa, a la fecha son ya 120 mil las personas beneficiadas con una fianza, y destac\u00f3 la colaboraci\u00f3n entre instituciones para ese fin.<\/p>\n<p>En el acto participaron, adem\u00e1s, el presidente de la Fundaci\u00f3n UNAM, Dionisio Meade y Garc\u00eda de Le\u00f3n; la directora ejecutiva de la misma, Araceli Gonz\u00e1lez Rodr\u00edguez; el consejero de la Judicatura local, Andr\u00e9s Linares Carranza, y el director ejecutivo de Gesti\u00f3n Judicial, Eligi\u00f3 Rodr\u00edguez Alba.<\/p>\n","protected":false},"excerpt":{"rendered":"<p>Personas primodelincuentes de bajos recursos econ\u00f3micos y personas privadas de la libertad con derecho a los beneficios establecidos por la ley para compurgar su pena en libertad, ser\u00e1n beneficiadas con el otorgamiento de una fianza, gracias a un convenio de colaboraci\u00f3n entre la Facultad de Derecho de la Universidad Nacional Aut\u00f3noma de M\u00e9xico (UNAM), la Fundaci\u00f3n Telmex Telcel, la Fundaci\u00f3n Mexicana de Reintegraci\u00f3n Social (Reintegra) y el Poder Judicial de la Ciudad de M\u00e9xico (PJCDMX).<\/p>\n","protected":false},"author":3,"featured_media":613794,"comment_status":"open","ping_status":"open","sticky":false,"template":"","format":"standard","meta":{"_monsterinsights_skip_tracking":false,"_monsterinsights_sitenote_active":false,"_monsterinsights_sitenote_note":"","_monsterinsights_sitenote_category":0,"footnotes":""},"categories":[6],"tags":[87379,99649,14731],"class_list":["post-613719","post","type-post","status-publish","format-standard","has-post-thumbnail","hentry","category-cd-de-mexico","tag-pjcdmx","tag-primodelincuentes","tag-reos"],"_links":{"self":[{"href":"https:\/\/www.diarioimagen.net\/index.php?rest_route=\/wp\/v2\/posts\/613719","targetHints":{"allow":["GET"]}}],"collection":[{"href":"https:\/\/www.diarioimagen.net\/index.php?rest_route=\/wp\/v2\/posts"}],"about":[{"href":"https:\/\/www.diarioimagen.net\/index.php?rest_route=\/wp\/v2\/types\/post"}],"author":[{"embeddable":true,"href":"https:\/\/www.diarioimagen.net\/index.php?rest_route=\/wp\/v2\/users\/3"}],"replies":[{"embeddable":true,"href":"https:\/\/www.diarioimagen.net\/index.php?rest_route=%2Fwp%2Fv2%2Fcomments&post=613719"}],"version-history":[{"count":0,"href":"https:\/\/www.diarioimagen.net\/index.php?rest_route=\/wp\/v2\/posts\/613719\/revisions"}],"wp:featuredmedia":[{"embeddable":true,"href":"https:\/\/www.diarioimagen.net\/index.php?rest_route=\/wp\/v2\/media\/613794"}],"wp:attachment":[{"href":"https:\/\/www.diarioimagen.net\/index.php?rest_route=%2Fwp%2Fv2%2Fmedia&parent=613719"}],"wp:term":[{"taxonomy":"category","embeddable":true,"href":"https:\/\/www.diarioimagen.net\/index.php?rest_route=%2Fwp%2Fv2%2Fcategories&post=613719"},{"taxonomy":"post_tag","embeddable":true,"href":"https:\/\/www.diarioimagen.net\/index.php?rest_route=%2Fwp%2Fv2%2Ftags&post=613719"}],"curies":[{"name":"wp","href":"https:\/\/api.w.org\/{rel}","templated":true}]}}