{"id":613727,"date":"2024-03-21T00:06:26","date_gmt":"2024-03-21T06:06:26","guid":{"rendered":"https:\/\/www.diarioimagen.net\/?p=613727"},"modified":"2024-03-22T01:46:29","modified_gmt":"2024-03-22T07:46:29","slug":"celebra-uaemex-el-dia-mundial-del-teatro-2024","status":"publish","type":"post","link":"https:\/\/www.diarioimagen.net\/?p=613727","title":{"rendered":"Celebra UAEM\u00e9x el D\u00eda Mundial del Teatro 2024"},"content":{"rendered":"<p>&nbsp;<\/p>\n<div id=\"attachment_613798\" style=\"width: 430px\" class=\"wp-caption aligncenter\"><a href=\"https:\/\/www.diarioimagen.net\/?attachment_id=613798\" rel=\"attachment wp-att-613798\"><img loading=\"lazy\" decoding=\"async\" aria-describedby=\"caption-attachment-613798\" class=\"wp-image-613798\" src=\"https:\/\/www.diarioimagen.net\/wp-content\/uploads\/2024\/03\/uaem-celebra.jpg\" alt=\"\" width=\"420\" height=\"367\" \/><\/a><p id=\"caption-attachment-613798\" class=\"wp-caption-text\">La secretaria de Difusi\u00f3n Cultural, Mar\u00eda de la Mercedes Portilla Luja, encabez\u00f3 el desfile conmemorativo, el cual avanz\u00f3 del Edificio de Rector\u00eda hacia el Teatro Universitario \u201cLos Jaguares\u201d.<\/p><\/div>\n<p>&nbsp;<\/p>\n<p><strong>Toluca, Estado de M\u00e9xico<\/strong>.\u2014 Al ritmo de batucada, alumnado de las licenciaturas en Artes Teatrales de la Facultad de Humanidades; Danza, de la Escuela de Artes Esc\u00e9nicas, as\u00ed como personal art\u00edstico y administrativo de la Compa\u00f1\u00eda Universitaria de Teatro de la Universidad Aut\u00f3noma del Estado de M\u00e9xico (UAEM\u00e9x), participaron en el desfile conmemorativo al D\u00eda Mundial del Teatro 2024.<\/p>\n<p>Encabezado por la secretaria de Difusi\u00f3n Cultural, Mar\u00eda de la Mercedes Portilla Luja, el contingente, al que acudi\u00f3 tambi\u00e9n alumnado de la Licenciatura en Artes Esc\u00e9nicas de la Escuela de Bellas Artes de Toluca, avanz\u00f3 del Edificio de Rector\u00eda de la UAEM\u00e9x hacia el Teatro Universitario \u201cLos Jaguares\u201d, trayecto en el que arlequines y actores invitaron al p\u00fablico en general a acercarse a las puestas en escena que ofrece la M\u00e1xima Casa de Estudios mexiquense.<\/p>\n<p>En el marco de dicha conmemoraci\u00f3n y al t\u00e9rmino del recorrido, el profesor de la Licenciatura en Artes Teatrales de la Facultad de Humanidades, Israel R\u00edos Hern\u00e1ndez, dio lectura al Manifiesto del D\u00eda Mundial del Teatro 2024, escrito por Jon Fosse, bajo el t\u00edtulo \u201cEl arte es paz\u201d; en tanto, la acad\u00e9mica e investigadora Blanca Lilia Hern\u00e1ndez Reyes moder\u00f3 la presentaci\u00f3n del Cap\u00edtulo \u201cTransfiguraciones Corporales en las Artes Esc\u00e9nicas\u201d, del libro El G\u00e9nero: Aproximaciones desde las Artes, autor\u00eda de Mar\u00eda Isabel Lara Escobedo, Reyes Luciano \u00c1lvarez Fabela, Alejandro Flores Sol\u00eds y Blanca Lilia Hern\u00e1ndez Reyes.<\/p>\n<p>En este encuentro, las y los autores coincidieron que el g\u00e9nero en las artes teatrales, el cine, la danza y la m\u00fasica se mira desde imaginarios sociales, es decir, c\u00f3mo se construye lo femenino, masculino o no binario en la vida cotidiana y c\u00f3mo se representa dentro de las puestas en escena.<\/p>\n<p>Las actividades con motivo de esta celebraci\u00f3n internacional continuar\u00e1n este jueves y viernes en el Teatro Universitario \u201cLos Jaguares\u201d, abiertas y sin costo al p\u00fablico en general, con la presentaci\u00f3n de mesas de di\u00e1logo sobre la actualidad de la escena teatral. El jueves, a las 10:00 horas, tendr\u00e1 lugar la discusi\u00f3n sobre la \u201c\u00c9tica como punto de Encuentro en la Creaci\u00f3n Teatral\u201d, en la que participar\u00e1n Araceli Reyes Carranza, Daniel J. Arzate D\u00edaz, Sandra V. Macedo Garc\u00eda, Alexis Casas Eleno y Jes\u00fas Jos\u00e9 Angulo.<\/p>\n<p>El viernes concluir\u00e1n las actividades en el mismo espacio universitario. A las 10:00 horas, la mesa titulada \u201cEspacios profesionales para creadores esc\u00e9nicos m\u00e1s all\u00e1 de la escena\u201d, en la que participar\u00e1n Dafne Elideth Hern\u00e1ndez Garc\u00eda, Adriana P\u00e9rez Coria, Arturo Sosa Leyva, Eduardo L\u00f3pez Horta, Edna Tovar, Gabriel Beltr\u00e1n (Vera de la Cueva) y H\u00e9ctor Pino. Al medio d\u00eda se presentar\u00e1n los libros: La aurora del viento. Cuatro primeros lustros del teatro universitario en Toluca 1960-1980, presentado por Antonio Hern\u00e1ndez Jauregui, as\u00ed como La aurora del viento: Nuevos horizontes en el Teatro Universitario de la UAEM\u00e9x 1980 \u2013 2000, por parte de Jorge Rub\u00e9n L\u00f3pez Jim\u00e9nez.<\/p>\n","protected":false},"excerpt":{"rendered":"<p>Al ritmo de batucada, alumnado de las licenciaturas en Artes Teatrales de la Facultad de Humanidades; Danza, de la Escuela de Artes Esc\u00e9nicas, as\u00ed como personal art\u00edstico y administrativo de la Compa\u00f1\u00eda Universitaria de Teatro de la Universidad Aut\u00f3noma del Estado de M\u00e9xico (UAEM\u00e9x), participaron en el desfile conmemorativo al D\u00eda Mundial del Teatro 2024.<\/p>\n","protected":false},"author":3,"featured_media":613799,"comment_status":"open","ping_status":"open","sticky":false,"template":"","format":"standard","meta":{"_monsterinsights_skip_tracking":false,"_monsterinsights_sitenote_active":false,"_monsterinsights_sitenote_note":"","_monsterinsights_sitenote_category":0,"footnotes":""},"categories":[5],"tags":[84087,67878],"class_list":["post-613727","post","type-post","status-publish","format-standard","has-post-thumbnail","hentry","category-estado-de-mexico","tag-dia-mundial-del-teatro","tag-uaemex"],"_links":{"self":[{"href":"https:\/\/www.diarioimagen.net\/index.php?rest_route=\/wp\/v2\/posts\/613727","targetHints":{"allow":["GET"]}}],"collection":[{"href":"https:\/\/www.diarioimagen.net\/index.php?rest_route=\/wp\/v2\/posts"}],"about":[{"href":"https:\/\/www.diarioimagen.net\/index.php?rest_route=\/wp\/v2\/types\/post"}],"author":[{"embeddable":true,"href":"https:\/\/www.diarioimagen.net\/index.php?rest_route=\/wp\/v2\/users\/3"}],"replies":[{"embeddable":true,"href":"https:\/\/www.diarioimagen.net\/index.php?rest_route=%2Fwp%2Fv2%2Fcomments&post=613727"}],"version-history":[{"count":0,"href":"https:\/\/www.diarioimagen.net\/index.php?rest_route=\/wp\/v2\/posts\/613727\/revisions"}],"wp:featuredmedia":[{"embeddable":true,"href":"https:\/\/www.diarioimagen.net\/index.php?rest_route=\/wp\/v2\/media\/613799"}],"wp:attachment":[{"href":"https:\/\/www.diarioimagen.net\/index.php?rest_route=%2Fwp%2Fv2%2Fmedia&parent=613727"}],"wp:term":[{"taxonomy":"category","embeddable":true,"href":"https:\/\/www.diarioimagen.net\/index.php?rest_route=%2Fwp%2Fv2%2Fcategories&post=613727"},{"taxonomy":"post_tag","embeddable":true,"href":"https:\/\/www.diarioimagen.net\/index.php?rest_route=%2Fwp%2Fv2%2Ftags&post=613727"}],"curies":[{"name":"wp","href":"https:\/\/api.w.org\/{rel}","templated":true}]}}