{"id":613730,"date":"2024-03-21T00:02:49","date_gmt":"2024-03-21T06:02:49","guid":{"rendered":"https:\/\/www.diarioimagen.net\/?p=613730"},"modified":"2024-03-21T01:24:26","modified_gmt":"2024-03-21T07:24:26","slug":"morena-debe-evitar-rupturas-durante-la-seleccion-de-candidatos-consejeros","status":"publish","type":"post","link":"https:\/\/www.diarioimagen.net\/?p=613730","title":{"rendered":"Morena debe evitar rupturas durante la selecci\u00f3n de candidatos: consejeros"},"content":{"rendered":"<p>&nbsp;<\/p>\n<ul>\n<li><em><strong>Apoyan a Carmen Olmedo para Naucalpan<\/strong><\/em><\/li>\n<\/ul>\n<p>&nbsp;<\/p>\n<div id=\"attachment_613825\" style=\"width: 470px\" class=\"wp-caption aligncenter\"><a href=\"https:\/\/www.diarioimagen.net\/?attachment_id=613825\" rel=\"attachment wp-att-613825\"><img loading=\"lazy\" decoding=\"async\" aria-describedby=\"caption-attachment-613825\" class=\"size-full wp-image-613825\" src=\"https:\/\/www.diarioimagen.net\/wp-content\/uploads\/2024\/03\/morena-debe-evitar.jpg\" alt=\"\" width=\"460\" height=\"270\" \/><\/a><p id=\"caption-attachment-613825\" class=\"wp-caption-text\">Consejeros morenistas aseguraron que \u201cla luchadora social y dirigente de la CUT y la ULZ, Carmen Olmedo Luna, ser\u00eda una buena opci\u00f3n para Naucalpan.<\/p><\/div>\n<p>&nbsp;<\/p>\n<p><strong>Naucalpan, Estado de M\u00e9xico.\u2014<\/strong> \u201cMovimiento de Regeneraci\u00f3n Nacional (Morena) debe analizar bien qui\u00e9n o qui\u00e9nes deben de ser sus abanderados en los procesos electorales del 2 de junio para evitar confrontaciones, divisiones o rupturas de grupos y decidirse por quien garantice triunfos\u201d.<\/p>\n<p>As\u00ed lo expresaron consejeros pol\u00edticos de ese instituto pol\u00edtico en Naucalpan, Tlalnepantla, Atizap\u00e1n de Zaragoza y Cuautitl\u00e1n, en voz de Franco Javier Hern\u00e1ndez, luego de destacar que \u201clos pleitos o desacuerdos pol\u00edticos, est\u00e1n haciendo quedar mal a Morena y para evitar ello, es mejor que se opte por una tercera opci\u00f3n, como es el caso del municipio naucalpense\u201d, dijo.<\/p>\n<p>En ese sentido, los morenistas aseguraron que \u201cla luchadora social y dirigente de la CUT y la ULZ, Carmen Olmedo Luna, ser\u00eda una buena opci\u00f3n, pues cuenta con el apoyo de diversos actores pol\u00edticos no s\u00f3lo en Naucalpan, sino en todo el Estado de M\u00e9xico\u201d, afirmaron.<\/p>\n<p>Por otra parte, recordaron que \u201cla se\u00f1ora Carmen Olmedo ha recibido varias ofertas para sumarse a otros partidos, pero fiel a sus principios y convicciones, est\u00e1 apoyando el proyecto de Claudia Sheinbaum y ella ser\u00eda una buena alternativa para Naucalpan\u201d, reiteraron.<\/p>\n<p>Al respecto, y en entrevista, la dirigente de la Uni\u00f3n de Luchas Zapatistas, que \u201csoy una mujer que ha luchado por las causas justas e institucional, y en ese tenor, siempre he esperado tiempos y formas y si en algo sirvo a m\u00ed partido aqu\u00ed estoy, pero debo de dejar en claro que, en Morena, debe de prevalecer la unidad para continuar con el fortalecimiento de la 4T\u201d, dijo.<\/p>\n","protected":false},"excerpt":{"rendered":"<p>\u201cMovimiento de Regeneraci\u00f3n Nacional (Morena) debe analizar bien qui\u00e9n o qui\u00e9nes deben de ser sus abanderados en los procesos electorales del 2 de junio para evitar confrontaciones, divisiones o rupturas de grupos y decidirse por quien garantice triunfos\u201d.<\/p>\n","protected":false},"author":3,"featured_media":613825,"comment_status":"open","ping_status":"open","sticky":false,"template":"","format":"standard","meta":{"_monsterinsights_skip_tracking":false,"_monsterinsights_sitenote_active":false,"_monsterinsights_sitenote_note":"","_monsterinsights_sitenote_category":0,"footnotes":""},"categories":[5],"tags":[4432,84359,43675,970],"class_list":["post-613730","post","type-post","status-publish","format-standard","has-post-thumbnail","hentry","category-estado-de-mexico","tag-candidatos","tag-consejeros","tag-estado-de-mexico","tag-naucalpan"],"_links":{"self":[{"href":"https:\/\/www.diarioimagen.net\/index.php?rest_route=\/wp\/v2\/posts\/613730","targetHints":{"allow":["GET"]}}],"collection":[{"href":"https:\/\/www.diarioimagen.net\/index.php?rest_route=\/wp\/v2\/posts"}],"about":[{"href":"https:\/\/www.diarioimagen.net\/index.php?rest_route=\/wp\/v2\/types\/post"}],"author":[{"embeddable":true,"href":"https:\/\/www.diarioimagen.net\/index.php?rest_route=\/wp\/v2\/users\/3"}],"replies":[{"embeddable":true,"href":"https:\/\/www.diarioimagen.net\/index.php?rest_route=%2Fwp%2Fv2%2Fcomments&post=613730"}],"version-history":[{"count":0,"href":"https:\/\/www.diarioimagen.net\/index.php?rest_route=\/wp\/v2\/posts\/613730\/revisions"}],"wp:featuredmedia":[{"embeddable":true,"href":"https:\/\/www.diarioimagen.net\/index.php?rest_route=\/wp\/v2\/media\/613825"}],"wp:attachment":[{"href":"https:\/\/www.diarioimagen.net\/index.php?rest_route=%2Fwp%2Fv2%2Fmedia&parent=613730"}],"wp:term":[{"taxonomy":"category","embeddable":true,"href":"https:\/\/www.diarioimagen.net\/index.php?rest_route=%2Fwp%2Fv2%2Fcategories&post=613730"},{"taxonomy":"post_tag","embeddable":true,"href":"https:\/\/www.diarioimagen.net\/index.php?rest_route=%2Fwp%2Fv2%2Ftags&post=613730"}],"curies":[{"name":"wp","href":"https:\/\/api.w.org\/{rel}","templated":true}]}}