{"id":613759,"date":"2024-03-21T00:04:19","date_gmt":"2024-03-21T06:04:19","guid":{"rendered":"https:\/\/www.diarioimagen.net\/?p=613759"},"modified":"2024-03-21T00:49:40","modified_gmt":"2024-03-21T06:49:40","slug":"la-ultima-palada-sexenal","status":"publish","type":"post","link":"https:\/\/www.diarioimagen.net\/?p=613759","title":{"rendered":"La \u00faltima palada sexenal"},"content":{"rendered":"<h2>De pe a pa<\/h2>\n<h5>Alberto Vieyra G.<\/h5>\n<p>&nbsp;<\/p>\n<p>AMLO result\u00f3 m\u00e1s popular que Adelita entre la tropa, pero monumentalmente in\u00fatil para gobernar.<\/p>\n<p>El diario <em>Reforma<\/em> le regal\u00f3 el martes un <em>not\u00f3n<\/em> que lo ubica en un 73% de popularidad, es decir en los niveles que ten\u00eda L\u00f3pez Obrador al inicio del sexenio.<\/p>\n<p>Qu\u00e9 cosas tan extra\u00f1as ocurren a veces en los medios de comunicaci\u00f3n, pues al peri\u00f3dico <em>Reforma<\/em>, AMLO no lo baja de ser un \u201cpasqu\u00edn inmundo\u201d, \u201cel bolet\u00edn del conservadurismo\u201d y tantas descalificaciones m\u00e1s que le ha dado al peri\u00f3dico propiedad del se\u00f1or Alejandro Junco de la Vega.<\/p>\n<p>Qu\u00e9 extra\u00f1a popularidad la de AMLO, quien no es capaz de tener, pero ni tantita empat\u00eda por las madres buscadoras o por otros compatriotas que le reclaman que ya se deje de jarabe de pico y se ponga a gobernar.<\/p>\n<p>Para comenzar, por el \u201cpuente\u201d por el natalicio de Benito Ju\u00e1rez, la madre buscadora sonorense Ceci Flores se plant\u00f3 con una pala frente a Palacio Nacional para echarle la \u00faltima palada al sexenio del Presidente m\u00e1s populista en la historia del presidencialismo azteca:<\/p>\n<p>\u201cYo le quiero entregar a \u00e9l esta pala con la que he escarbado la tierra en diferentes partes del pa\u00eds, para que \u00e9l tambi\u00e9n haga su trabajo \u2026 para que \u00e9l sea el que se encargue de hacer la b\u00fasqueda, investigaci\u00f3n y localizaci\u00f3n de mis desaparecidos, y no tenga yo que estar arriesgando mi vida constantemente en esta lucha, porque a \u00e9l le corresponde\u201d, dijo Flores. Y sigui\u00f3: \u201cEsta pala nunca debi\u00f3 estar en mis manos, ni debi\u00f3 sentir los huesos romperse de los cuerpos que ha desenterrado. <strong>Tome el mando, Presidente, h\u00e1gase cargo de los desaparecidos<\/strong>\u201d. Por supuesto que el Presidente humanista ni siquiera la dej\u00f3 entrar, rebasando incluso sus peores salidas al recetarle un hist\u00f3rico desplante \u201cque me la deje all\u00ed\u201d.<\/p>\n<p>\u00bfUsted ve alg\u00fan signo de sensibilidad humana en el Presidente de la Rep\u00fablica?<\/p>\n<p>Con ese valor que distingue a muchas mujeres norte\u00f1as, do\u00f1a Ceci Flores le tuvo que decir al Presidente lo que millones de compatriotas le dir\u00edan si lo tuviesen enfrente <strong>\u201cTome el mando, Presidente, h\u00e1gase cargo de los desaparecidos\u201d.<\/strong><\/p>\n<p>Si AMLO tuviese esa sensibilidad humana y el oficio pol\u00edtico, escenas como la protagonizada por do\u00f1a Ceci Flores tendr\u00edan un valor de oro puro para el inquilino de Palacio Nacional y entonces s\u00ed, este \u00e1tomo de la comunicaci\u00f3n creer\u00eda en esa absurda e irreal popularidad que se le atribuye a L\u00f3pez Obrador, a quien por cierto la afligida madre buscadora vestida de beisbolista pidiendo pasar a Palacio Nacional alista una ficha de b\u00fasqueda, porque el Presidente \u201cdesapareci\u00f3 al entrar al Palacio\u201d.<\/p>\n<p>S\u00ed, desde entonces el se\u00f1or L\u00f3pez Obrador ha sido un Presidente ausente de los grandes problemas nacionales y muy cercano a la confrontaci\u00f3n y divisi\u00f3n de los mexicanos a los que a toda costa busca llevar a otro oprobioso comunismo ruso o cubano y el secreto est\u00e1 en que, si nos descuidamos el pr\u00f3ximo 2 de junio, entonces demos por hecho de que ya torci\u00f3 la puerca el rabo en nuestra patria mexicana.<\/p>\n<p>Como do\u00f1a Ceci Flores, los mexicanos bien nacidos debemos echarle tambi\u00e9n la \u00faltima palada a este delirante sexenio.<\/p>\n<p><em><a href=\"mailto:info@agenciamn.com\" target=\"_blank\" rel=\"noopener noreferrer\">info@agenciamn.com<\/a><\/em><\/p>\n","protected":false},"excerpt":{"rendered":"<p><span style=\"color: #005497;\"><strong>Alberto Vieyra G.<\/strong><\/span><\/p>\n","protected":false},"author":3,"featured_media":0,"comment_status":"open","ping_status":"open","sticky":false,"template":"","format":"standard","meta":{"_monsterinsights_skip_tracking":false,"_monsterinsights_sitenote_active":false,"_monsterinsights_sitenote_note":"","_monsterinsights_sitenote_category":0,"footnotes":""},"categories":[4596],"tags":[43697,4597,43674],"class_list":["post-613759","post","type-post","status-publish","format-standard","hentry","category-alberto-vieyra-g","tag-alberto-vieyra-g","tag-de-pe-a-pa","tag-opinion"],"_links":{"self":[{"href":"https:\/\/www.diarioimagen.net\/index.php?rest_route=\/wp\/v2\/posts\/613759","targetHints":{"allow":["GET"]}}],"collection":[{"href":"https:\/\/www.diarioimagen.net\/index.php?rest_route=\/wp\/v2\/posts"}],"about":[{"href":"https:\/\/www.diarioimagen.net\/index.php?rest_route=\/wp\/v2\/types\/post"}],"author":[{"embeddable":true,"href":"https:\/\/www.diarioimagen.net\/index.php?rest_route=\/wp\/v2\/users\/3"}],"replies":[{"embeddable":true,"href":"https:\/\/www.diarioimagen.net\/index.php?rest_route=%2Fwp%2Fv2%2Fcomments&post=613759"}],"version-history":[{"count":0,"href":"https:\/\/www.diarioimagen.net\/index.php?rest_route=\/wp\/v2\/posts\/613759\/revisions"}],"wp:attachment":[{"href":"https:\/\/www.diarioimagen.net\/index.php?rest_route=%2Fwp%2Fv2%2Fmedia&parent=613759"}],"wp:term":[{"taxonomy":"category","embeddable":true,"href":"https:\/\/www.diarioimagen.net\/index.php?rest_route=%2Fwp%2Fv2%2Fcategories&post=613759"},{"taxonomy":"post_tag","embeddable":true,"href":"https:\/\/www.diarioimagen.net\/index.php?rest_route=%2Fwp%2Fv2%2Ftags&post=613759"}],"curies":[{"name":"wp","href":"https:\/\/api.w.org\/{rel}","templated":true}]}}