{"id":613762,"date":"2024-03-21T00:03:44","date_gmt":"2024-03-21T06:03:44","guid":{"rendered":"https:\/\/www.diarioimagen.net\/?p=613762"},"modified":"2024-03-21T00:20:15","modified_gmt":"2024-03-21T06:20:15","slug":"la-promocion-de-garcia-harfuch","status":"publish","type":"post","link":"https:\/\/www.diarioimagen.net\/?p=613762","title":{"rendered":"La promoci\u00f3n de Garc\u00eda Harfuch"},"content":{"rendered":"<h2>Centro..!<\/h2>\n<h5>Arturo R\u00edos Ruiz<\/h5>\n<p>&nbsp;<\/p>\n<ul>\n<li><strong><em>Invade redes para con su imagen<\/em><\/strong><\/li>\n<li><strong><em>Consentido de Sheinbaum <\/em><\/strong><\/li>\n<\/ul>\n<p>&nbsp;<\/p>\n<p>Omar Garc\u00eda Harfuch se desempe\u00f1aba como secretario de Seguridad Ciudadana de la Ciudad de M\u00e9xico desde octubre de 2019; anunci\u00f3 que participar\u00eda en Morena para la designaci\u00f3n del coordinador del Comit\u00e9 de Defensa de la Transformaci\u00f3n en la Ciudad de M\u00e9xico. \u00c9sta \u00faltima lo perdi\u00f3.<\/p>\n<p>Estuvo bien resguardado con espl\u00e9ndida comunicaci\u00f3n Social. \u201cRecorrer\u00e9 las 16 alcald\u00edas de la Ciudad de M\u00e9xico para profundizar en las demandas m\u00e1s sensibles de toda la poblaci\u00f3n\u201d, anunciaba en medios de comunicaci\u00f3n.<\/p>\n<p>Garc\u00eda Harfuch, de 41 a\u00f1os, naci\u00f3 en Cuernavaca, Morelos. Sus padres, Javier Garc\u00eda Paniagua, ex dirigente del PRI; su madre, Mar\u00eda Harfuch Hidalgo, actriz y cantante, mejor conocida por su nombre art\u00edstico: Mar\u00eda Sort\u00e9.<\/p>\n<p>Estudi\u00f3 Derecho en la Universidad Continental, es licenciado en Seguridad P\u00fablica por la Universidad del Valle de M\u00e9xico, diplomado Senior Executive in National and International Security de Harvard. Todo un junior fif\u00ed.<\/p>\n<p>Omar Garc\u00eda Harfuch fue colaborador de Genaro Garc\u00eda Luna, ex secretario de Seguridad P\u00fablica durante el sexenio de Felipe Calder\u00f3n Hinojosa, al que odia con resentimiento jarocho el presidente Andr\u00e9s Manuel L\u00f3pez Obrador. No obstante, el joven asegura que fue circunstancial.<\/p>\n<p>Lo cierto es que el muchacho ha tenido varios cargos, todos productos de la recomendaci\u00f3n de su mam\u00e1, con antiguos funcionarios que estuvieron alineados con el pap\u00e1, Javier Garc\u00eda Paniagua. Hoy, lo arropa Claudia Sheinbaum. Las mujeres lo han conducido donde hoy est\u00e1.<\/p>\n<p>Su abuelo tom\u00f3 relevancia como general, con el accidentado 10 de junio de 1970 con el segundo atropello estudiantil; el padre, un eficiente polic\u00eda que se lav\u00f3 en pol\u00edtica como dirigente del PRI e intent\u00f3 buscar la Presidencia del pa\u00eds.<\/p>\n<p>Hoy es notable la preferencia de la candidata presidencial Claudia Sheinbaum, que logr\u00f3 imponerlo, no obstante que el Presidente, desde el principio lo rechaz\u00f3, pero la se\u00f1ora logr\u00f3 lavarlo ante su jefe y hoy, es promovido para llegar al Senado, desde donde piensa ascender.<\/p>\n<p>Se comienza a observar que le atrae el paso por la C\u00e1mara alta, cuyo paso ser\u00eda para engrosar su hoja curricular en el curso de la nueva administraci\u00f3n y continuar por senderos de alto nivel en materia de seguridad.<\/p>\n<p>Incluso, columnistas reconocidos han llegado a escribir con exageraci\u00f3n que hasta la Secretar\u00eda de Gobernaci\u00f3n podr\u00eda llegar, algo que nos parece balad\u00ed para creer, pero en estos tiempos en que el mismo que manda en la naci\u00f3n afirma que no importa la preparaci\u00f3n mientras haya lealtad.<\/p>\n<p>Para cerrar y, no dejar una parte del vac\u00edo de dudas sobre Garc\u00eda Harfuch, es saber cu\u00e1nto ha gastado en su campa\u00f1a de promoci\u00f3n para lo que espera, es notorio en las redes la secuencia de promocionales, que acatarran; que tienen un costo millonario y a\u00fan no dice cu\u00e1l es su fin.<\/p>\n<p>Distintos mensajes de \u00e9l, aparecen en intervalos cortos que significan una gran inversi\u00f3n y hasta hoy, se advierte que s\u00f3lo son para elevar la imagen del joven que ambiciona m\u00e1s para lograr un buen escal\u00f3n en el poder.<\/p>\n<p><em><a href=\"mailto:rrrart2000@hotmail.com\" target=\"_blank\" rel=\"noopener noreferrer\">rrrart2000@hotmail.com<\/a><\/em><\/p>\n","protected":false},"excerpt":{"rendered":"<p><span style=\"color: #005497;\"><strong>Arturo R\u00edos Ruiz<\/strong><\/span><\/p>\n","protected":false},"author":3,"featured_media":0,"comment_status":"open","ping_status":"open","sticky":false,"template":"","format":"standard","meta":{"_monsterinsights_skip_tracking":false,"_monsterinsights_sitenote_active":false,"_monsterinsights_sitenote_note":"","_monsterinsights_sitenote_category":0,"footnotes":""},"categories":[82265],"tags":[82266,10806,43674],"class_list":["post-613762","post","type-post","status-publish","format-standard","hentry","category-arturo-rios-ruiz","tag-arturo-rios-ruiz","tag-centro","tag-opinion"],"_links":{"self":[{"href":"https:\/\/www.diarioimagen.net\/index.php?rest_route=\/wp\/v2\/posts\/613762","targetHints":{"allow":["GET"]}}],"collection":[{"href":"https:\/\/www.diarioimagen.net\/index.php?rest_route=\/wp\/v2\/posts"}],"about":[{"href":"https:\/\/www.diarioimagen.net\/index.php?rest_route=\/wp\/v2\/types\/post"}],"author":[{"embeddable":true,"href":"https:\/\/www.diarioimagen.net\/index.php?rest_route=\/wp\/v2\/users\/3"}],"replies":[{"embeddable":true,"href":"https:\/\/www.diarioimagen.net\/index.php?rest_route=%2Fwp%2Fv2%2Fcomments&post=613762"}],"version-history":[{"count":0,"href":"https:\/\/www.diarioimagen.net\/index.php?rest_route=\/wp\/v2\/posts\/613762\/revisions"}],"wp:attachment":[{"href":"https:\/\/www.diarioimagen.net\/index.php?rest_route=%2Fwp%2Fv2%2Fmedia&parent=613762"}],"wp:term":[{"taxonomy":"category","embeddable":true,"href":"https:\/\/www.diarioimagen.net\/index.php?rest_route=%2Fwp%2Fv2%2Fcategories&post=613762"},{"taxonomy":"post_tag","embeddable":true,"href":"https:\/\/www.diarioimagen.net\/index.php?rest_route=%2Fwp%2Fv2%2Ftags&post=613762"}],"curies":[{"name":"wp","href":"https:\/\/api.w.org\/{rel}","templated":true}]}}