{"id":613767,"date":"2024-03-21T00:03:17","date_gmt":"2024-03-21T06:03:17","guid":{"rendered":"https:\/\/www.diarioimagen.net\/?p=613767"},"modified":"2024-03-21T00:24:56","modified_gmt":"2024-03-21T06:24:56","slug":"infiltracion-multicolor-en-el-ine","status":"publish","type":"post","link":"https:\/\/www.diarioimagen.net\/?p=613767","title":{"rendered":"Infiltraci\u00f3n multicolor en el INE"},"content":{"rendered":"<h2>Espacio Electoral<\/h2>\n<h5>Eleazar Flores<\/h5>\n<p>&nbsp;<\/p>\n<p><strong>ASUNTO DELICADO-.<\/strong> De may\u00fascula preocupaci\u00f3n debe considerarse el AJUSTE que el Instituto Nacional Electoral (INE) efect\u00faa en sus BASES TEMPORALES, constituidas por personal que recorre el pa\u00eds censando a interesados-as en participar en los comicios federales, para lo cual se les capacita en tiempo y forma con la finalidad de transmitir conocimiento y pr\u00e1cticas a los dem\u00e1s.<\/p>\n<p>Resulta, sin embargo, que gran parte de esas BASES TEMPORALES han sido detectadas como SIMPATIZANTES PARTIDISTAS,\u00a0 la mayor parte de ellas identificadas con CHALECO GUINDA.<\/p>\n<p>Oficialmente, el INE acepta esa injerencia partidista en cuadros ya capacitados y cuya estructura en su conjunto, guarda y lleva en su mochila de recorrido, todo lo que muchas veces solamente se maneja como INFORMACI\u00d3N INTERNA, no forzosamente confidencial, pero sigue siendo material de trabajo manejado exclusivamente para asuntos comiciales.<\/p>\n<p>Hasta fines de la semana pasada se manejaba la BAJA de una cifra oscilante entre tres y cuatro mil personas. Hasta aqu\u00ed todo bien, pero en el inmediato siguiente esas personas capacitadas, hoy ex trabajadores del INE, seguramente, se llevan esa valiosa informaci\u00f3n a los partidos pol\u00edticos con los que fueron detectados como simpatizantes, militantes y seguramente hasta activistas.<\/p>\n<p>Sin pruebas comprobables, pero con el realismo que se ve y vive en las campa\u00f1as de partidos y candidatos, las consecuencias de esa CORRIDA de personal del INE y organismos estatales auxiliares, como el IEEM en el Edomex, hoy preocupa y escandaliza, pero a partir de ahora y sobre todo el \u201cD\u00cdA D -o sea el 2 de junio-, se podr\u00e1 dimensionar el da\u00f1o de esos INFILTRADOS.<\/p>\n<p>Amistades y relaciones laborales -profesionales parecer\u00eda muy ostentoso decirlo-, llegan al teclado de este espacio, no uno sino varios ejemplos y LAMENTACIONES de infiltrados despedidos, no obstante venirse desempe\u00f1ando con ejemplar entrega y rectitud, pero como fueron identificados como simpatizantes de tal o cual partido, FUERA, ni vale citar colores partidistas.<\/p>\n<p><strong>EMPEORAR\u00c1N LAS COSAS-.<\/strong> Antes que nadie, este espacio le anticip\u00f3 la NO INSTALACI\u00d3N de un m\u00ednimo del cinco por ciento de casillas electorales el 2 de junio, pero desgraciadamente el porcentaje aumentar\u00e1 por la violencia e inestabilidad detectadas en regiones y municipios de tres o cuatro entidades federativas.<\/p>\n<p>Encabezan la lista el estado de Guerrero, en unos tres municipios, en Chiapas y Campeche dos en cada uno, en Michoac\u00e1n dos\u00a0 y en\u00a0 Zacatecas otro m\u00e1s\u2026 pero en todos los lugares citados las cifras podr\u00edan aumentar.<\/p>\n<p>Autoridades civiles de dichas entidades piden el concurso de l\u00edderes sociales con la finalidad de apoyar el mejoramiento del ambiente\u2026 pidiendo incluso la participaci\u00f3n de los ministros religiosos pero en todos priva el pesimismo.<\/p>\n<p>Sobre todo por el lenguaje presidencial que no abona a la pacificaci\u00f3n y s\u00ed a la confrontaci\u00f3n, contra el INE, por ejemplo.<\/p>\n<p><em><a href=\"mailto:elefa44@gmail.com\" target=\"_blank\" rel=\"noopener noreferrer\">elefa44@gmail.com<\/a><\/em><\/p>\n","protected":false},"excerpt":{"rendered":"<p><span style=\"color: #005497;\"><strong>Eleazar Flores<\/strong><\/span><\/p>\n","protected":false},"author":3,"featured_media":0,"comment_status":"open","ping_status":"open","sticky":false,"template":"","format":"standard","meta":{"_monsterinsights_skip_tracking":false,"_monsterinsights_sitenote_active":false,"_monsterinsights_sitenote_note":"","_monsterinsights_sitenote_category":0,"footnotes":""},"categories":[81743],"tags":[81744,81776,43674],"class_list":["post-613767","post","type-post","status-publish","format-standard","hentry","category-eleazar-flores","tag-eleazar-flores","tag-espacio-electoral","tag-opinion"],"_links":{"self":[{"href":"https:\/\/www.diarioimagen.net\/index.php?rest_route=\/wp\/v2\/posts\/613767","targetHints":{"allow":["GET"]}}],"collection":[{"href":"https:\/\/www.diarioimagen.net\/index.php?rest_route=\/wp\/v2\/posts"}],"about":[{"href":"https:\/\/www.diarioimagen.net\/index.php?rest_route=\/wp\/v2\/types\/post"}],"author":[{"embeddable":true,"href":"https:\/\/www.diarioimagen.net\/index.php?rest_route=\/wp\/v2\/users\/3"}],"replies":[{"embeddable":true,"href":"https:\/\/www.diarioimagen.net\/index.php?rest_route=%2Fwp%2Fv2%2Fcomments&post=613767"}],"version-history":[{"count":0,"href":"https:\/\/www.diarioimagen.net\/index.php?rest_route=\/wp\/v2\/posts\/613767\/revisions"}],"wp:attachment":[{"href":"https:\/\/www.diarioimagen.net\/index.php?rest_route=%2Fwp%2Fv2%2Fmedia&parent=613767"}],"wp:term":[{"taxonomy":"category","embeddable":true,"href":"https:\/\/www.diarioimagen.net\/index.php?rest_route=%2Fwp%2Fv2%2Fcategories&post=613767"},{"taxonomy":"post_tag","embeddable":true,"href":"https:\/\/www.diarioimagen.net\/index.php?rest_route=%2Fwp%2Fv2%2Ftags&post=613767"}],"curies":[{"name":"wp","href":"https:\/\/api.w.org\/{rel}","templated":true}]}}