{"id":613782,"date":"2024-03-21T00:06:04","date_gmt":"2024-03-21T06:06:04","guid":{"rendered":"https:\/\/www.diarioimagen.net\/?p=613782"},"modified":"2024-03-21T00:40:00","modified_gmt":"2024-03-21T06:40:00","slug":"riesgos-geopoliticos","status":"publish","type":"post","link":"https:\/\/www.diarioimagen.net\/?p=613782","title":{"rendered":"Riesgos geopol\u00edticos"},"content":{"rendered":"<h2>Aunque pese<\/h2>\n<h5>Salvador Mart\u00ednez Garc\u00eda<\/h5>\n<p>&nbsp;<\/p>\n<p>El a\u00f1o electoral, el m\u00e1s grande de la historia del pa\u00eds, parece no alterar las buenas condiciones en la marcha de la econom\u00eda mexicana de los \u00faltimos a\u00f1os.<\/p>\n<p>En inversi\u00f3n productiva se alcanz\u00f3 un 24.24 por ciento en proporci\u00f3n al PIB, convirti\u00e9ndose este rengl\u00f3n en el principal motor de la econom\u00eda, con una aportaci\u00f3n de 4.2 puntos al crecimiento nacional.<\/p>\n<p>Adem\u00e1s, para este y los pr\u00f3ximos tres a\u00f1os la Secretar\u00eda de Econom\u00eda anunci\u00f3 73 proyectos de inversi\u00f3n por un monto de 31 mil 512 millones de d\u00f3lares, con los cuales se prev\u00e9 una generaci\u00f3n de casi 40 mil nuevos empleos.<\/p>\n<p>Otro dato halagador es el de la mejor posici\u00f3n de M\u00e9xico entre los mayores pa\u00edses exportadores del mundo al pasar de la d\u00e9cimo tercera posici\u00f3n en el 2022 a la novena en el pasado a\u00f1o, el mejor puesto alcanzado por nuestra naci\u00f3n en la historia.<\/p>\n<p>Es frecuente que los periodos electorales alteren los ciclos econ\u00f3micos a la baja por la incertidumbre que la lucha pol\u00edtica genera, pero no ha sido as\u00ed y hasta este mes de marzo las condiciones generales son \u00f3ptimas con buenas perspectivas para todo el 2024, con una paridad del peso-d\u00f3lar m\u00e1s baja de las que cualquier analista hubiera supuesto al inicio del sexenio.<\/p>\n<p>Estas condiciones generales no abonan a las cr\u00edticas de la oposici\u00f3n, pues muestran un pa\u00eds estable y en crecimiento a pesar de las dif\u00edciles condiciones geopol\u00edticas con las guerras de Ucrania y Medio Oriente.<\/p>\n<p>Son justamente estos conflictos y las tensiones pol\u00edticas directas entre Estados Unidos-Rusia y Estados Unidos-China, las que pudieran alterar las buenas proyecciones de M\u00e9xico.<\/p>\n<p>El otro elemento perturbador es la tasa de rendimiento ofrecida por el Banco de M\u00e9xico, con una tendencia a la baja que asegura el camino marcado por la FED en Estados Unidos, habr\u00e1 que estar atentos a cualquier movimiento.<\/p>\n<p style=\"text-align: center;\"><strong>Susurros<\/strong><\/p>\n<p>Los mexicanos somos alegres y bullangueros, prueba de ello es que en el Informe Mundial de la Felicidad 2024 de la ONU, M\u00e9xico avanz\u00f3 11 lugares para ubicarse en el n\u00famero 25 de 143 pa\u00edses del orbe.<\/p>\n<p>El estudio de la ONU proporciona una perspectiva objetiva sobre el estado de Bienestar percibido por la poblaci\u00f3n, y en nuestro caso refleja un nivel de satisfacci\u00f3n elevado superior al de Francia, Espa\u00f1a, Italia o Singapur, por mencionar s\u00f3lo algunos.<\/p>\n<p>Finlandia lidera en felicidad y Estados Unidos no entra en el Top 20, aunque s\u00ed supera a M\u00e9xico.<\/p>\n<p><a href=\"mailto:salvadormartinez@visionmx.com\" target=\"_blank\" rel=\"noopener\"><em>salvadormartinez@visionmx.com<\/em><\/a><br \/>\n<strong><em>X:<\/em><\/strong><a href=\"https:\/\/twitter.com\/salvador_mtz?lang=es\" target=\"_blank\" rel=\"noopener\"><em> @salvador_mtz<\/em><\/a><\/p>\n","protected":false},"excerpt":{"rendered":"<p><span style=\"color: #005497;\"><strong>Salvador Mart\u00ednez Garc\u00eda<\/strong><\/span><\/p>\n","protected":false},"author":3,"featured_media":0,"comment_status":"open","ping_status":"open","sticky":false,"template":"","format":"standard","meta":{"_monsterinsights_skip_tracking":false,"_monsterinsights_sitenote_active":false,"_monsterinsights_sitenote_note":"","_monsterinsights_sitenote_category":0,"footnotes":""},"categories":[96743],"tags":[96744,43674,96745],"class_list":["post-613782","post","type-post","status-publish","format-standard","hentry","category-salvador-martinez-garcia","tag-aunque-pese","tag-opinion","tag-salvador-martinez-garcia"],"_links":{"self":[{"href":"https:\/\/www.diarioimagen.net\/index.php?rest_route=\/wp\/v2\/posts\/613782","targetHints":{"allow":["GET"]}}],"collection":[{"href":"https:\/\/www.diarioimagen.net\/index.php?rest_route=\/wp\/v2\/posts"}],"about":[{"href":"https:\/\/www.diarioimagen.net\/index.php?rest_route=\/wp\/v2\/types\/post"}],"author":[{"embeddable":true,"href":"https:\/\/www.diarioimagen.net\/index.php?rest_route=\/wp\/v2\/users\/3"}],"replies":[{"embeddable":true,"href":"https:\/\/www.diarioimagen.net\/index.php?rest_route=%2Fwp%2Fv2%2Fcomments&post=613782"}],"version-history":[{"count":0,"href":"https:\/\/www.diarioimagen.net\/index.php?rest_route=\/wp\/v2\/posts\/613782\/revisions"}],"wp:attachment":[{"href":"https:\/\/www.diarioimagen.net\/index.php?rest_route=%2Fwp%2Fv2%2Fmedia&parent=613782"}],"wp:term":[{"taxonomy":"category","embeddable":true,"href":"https:\/\/www.diarioimagen.net\/index.php?rest_route=%2Fwp%2Fv2%2Fcategories&post=613782"},{"taxonomy":"post_tag","embeddable":true,"href":"https:\/\/www.diarioimagen.net\/index.php?rest_route=%2Fwp%2Fv2%2Ftags&post=613782"}],"curies":[{"name":"wp","href":"https:\/\/api.w.org\/{rel}","templated":true}]}}