{"id":613878,"date":"2024-03-22T00:05:49","date_gmt":"2024-03-22T06:05:49","guid":{"rendered":"https:\/\/www.diarioimagen.net\/?p=613878"},"modified":"2024-03-25T00:19:14","modified_gmt":"2024-03-25T06:19:14","slug":"elia-alejandra-teutli-sequeira-investigadora-uaemex-busca-prevenir-contaminacion-de-agua-subterranea-por-agroquimicos","status":"publish","type":"post","link":"https:\/\/www.diarioimagen.net\/?p=613878","title":{"rendered":"Elia Alejandra Teutli Sequeira, investigadora UAEM\u00e9x, busca prevenir contaminaci\u00f3n de agua subterr\u00e1nea por agroqu\u00edmicos"},"content":{"rendered":"<p>&nbsp;<\/p>\n<div id=\"attachment_613970\" style=\"width: 470px\" class=\"wp-caption aligncenter\"><a href=\"https:\/\/www.diarioimagen.net\/?attachment_id=613970\" rel=\"attachment wp-att-613970\"><img loading=\"lazy\" decoding=\"async\" aria-describedby=\"caption-attachment-613970\" class=\"size-full wp-image-613970\" src=\"https:\/\/www.diarioimagen.net\/wp-content\/uploads\/2024\/03\/uaem-elia-alejandra.jpg\" alt=\"\" width=\"460\" height=\"270\" \/><\/a><p id=\"caption-attachment-613970\" class=\"wp-caption-text\">La investigadora enfatiz\u00f3 la importancia de que en proyectos de investigaci\u00f3n enfocados en el cuidado del medio ambiente participe la comunidad estudiantil, pues ellos contribuyen en la formaci\u00f3n de un mundo menos contaminado.<\/p><\/div>\n<p>&nbsp;<\/p>\n<p><strong>Toluca, Estado de M\u00e9xico.<\/strong>\u2014 La Organizaci\u00f3n Mundial de la Salud (OMS) clasifica al dicloruro de paraquat como \u201cmoderadamente peligroso\u201d, al ser utilizado como herbicida, la investigadora de la Universidad Aut\u00f3noma del Estado de M\u00e9xico (UAEM\u00e9x), Elia Alejandra Teutli Sequeira, desarrolla un proyecto en el que\u00a0 busca reducir su impacto al medio ambiente y la posible contaminaci\u00f3n del agua subterr\u00e1nea.<\/p>\n<p>Este producto, regularmente empleado en la agricultura para controlar y eliminar las malas hierbas en el cultivo de alimentos, representa un peligro para el medio ambiente al manejarse de forma inadecuada, por lo que la especialista en el tratamiento de aguas residuales y control de la contaminaci\u00f3n, Alejandra Teutli, consider\u00f3 importante, incluso, prohibir por completo su uso en el Estado de M\u00e9xico.<\/p>\n<p>Para prevenir el da\u00f1o al agua subterr\u00e1nea, Teutli Sequeira, junto a sus colegas del Instituto Interamericano de Tecnolog\u00edas y Ciencias del Agua (IITCA), realiza pruebas piloto para la degradaci\u00f3n del paraquat a compuestos con menos toxinas, a trav\u00e9s de tratamientos electroqu\u00edmicos y mediante el uso de energ\u00eda solar, que han demostrado una efectividad cercana a 80 por ciento. \u201cSe intenta ense\u00f1ar mediante este proyecto, contrario a lo que la mayor\u00eda de la gente cree, que los herbicidas s\u00ed logran llegar a los cuerpos de agua, que en consecuencia pueden afectar la vida acu\u00e1tica y humana\u201d, mencion\u00f3 la investigadora.<\/p>\n<p>Ante el riesgo de que aguas subterr\u00e1neas puedan contaminarse con este tipo de herbicidas, otro de los prop\u00f3sitos de esta investigaci\u00f3n es informar de los da\u00f1os que puede provocar a la salud como lesiones corrosivas en la piel, toxicidad pulmonar, lesiones a la vista y a la sangre. Asimismo, \u201ccontribuir en las metas y compromisos con relaci\u00f3n al desarrollo sostenible para mejorar el cuidado y suministro de agua\u201d para futuras generaciones, mencion\u00f3 Alejandra Teutli.<\/p>\n<p style=\"text-align: center;\"><strong>*Invstigar, sin\u00f3nimo de innovar*<\/strong><\/p>\n<p>Los hallazgos de mujeres cient\u00edficas motivan y abren oportunidades para \u201cla soluci\u00f3n de problemas de diversa \u00edndole\u201d, consider\u00f3 la investigadora.<\/p>\n<p>Consider\u00f3 importante involucrar al estudiantado en la investigaci\u00f3n, ya que ello \u201cte lleva a no quedarte con lo que aprendiste en la licenciatura y no ser s\u00f3lo un profesional pasivo\u201d.<\/p>\n<p>Teutli Sequeira concluy\u00f3, que el trabajo en equipo es indispensable para el desarrollo acad\u00e9mico, \u00e1rea en la que, subray\u00f3, ha tenido una experiencia gratificante.<\/p>\n","protected":false},"excerpt":{"rendered":"<p>La Organizaci\u00f3n Mundial de la Salud (OMS) clasifica al dicloruro de paraquat como \u201cmoderadamente peligroso\u201d, al ser utilizado como herbicida, la investigadora de la Universidad Aut\u00f3noma del Estado de M\u00e9xico (UAEM\u00e9x), Elia Alejandra Teutli Sequeira, desarrolla un proyecto en el que\u00a0 busca reducir su impacto al medio ambiente y la posible contaminaci\u00f3n del agua subterr\u00e1nea.<\/p>\n","protected":false},"author":3,"featured_media":613970,"comment_status":"open","ping_status":"open","sticky":false,"template":"","format":"standard","meta":{"_monsterinsights_skip_tracking":false,"_monsterinsights_sitenote_active":false,"_monsterinsights_sitenote_note":"","_monsterinsights_sitenote_category":0,"footnotes":""},"categories":[5],"tags":[4559,67878],"class_list":["post-613878","post","type-post","status-publish","format-standard","has-post-thumbnail","hentry","category-estado-de-mexico","tag-oms","tag-uaemex"],"_links":{"self":[{"href":"https:\/\/www.diarioimagen.net\/index.php?rest_route=\/wp\/v2\/posts\/613878","targetHints":{"allow":["GET"]}}],"collection":[{"href":"https:\/\/www.diarioimagen.net\/index.php?rest_route=\/wp\/v2\/posts"}],"about":[{"href":"https:\/\/www.diarioimagen.net\/index.php?rest_route=\/wp\/v2\/types\/post"}],"author":[{"embeddable":true,"href":"https:\/\/www.diarioimagen.net\/index.php?rest_route=\/wp\/v2\/users\/3"}],"replies":[{"embeddable":true,"href":"https:\/\/www.diarioimagen.net\/index.php?rest_route=%2Fwp%2Fv2%2Fcomments&post=613878"}],"version-history":[{"count":0,"href":"https:\/\/www.diarioimagen.net\/index.php?rest_route=\/wp\/v2\/posts\/613878\/revisions"}],"wp:featuredmedia":[{"embeddable":true,"href":"https:\/\/www.diarioimagen.net\/index.php?rest_route=\/wp\/v2\/media\/613970"}],"wp:attachment":[{"href":"https:\/\/www.diarioimagen.net\/index.php?rest_route=%2Fwp%2Fv2%2Fmedia&parent=613878"}],"wp:term":[{"taxonomy":"category","embeddable":true,"href":"https:\/\/www.diarioimagen.net\/index.php?rest_route=%2Fwp%2Fv2%2Fcategories&post=613878"},{"taxonomy":"post_tag","embeddable":true,"href":"https:\/\/www.diarioimagen.net\/index.php?rest_route=%2Fwp%2Fv2%2Ftags&post=613878"}],"curies":[{"name":"wp","href":"https:\/\/api.w.org\/{rel}","templated":true}]}}