{"id":613881,"date":"2024-03-22T00:06:00","date_gmt":"2024-03-22T06:06:00","guid":{"rendered":"https:\/\/www.diarioimagen.net\/?p=613881"},"modified":"2024-03-25T00:19:26","modified_gmt":"2024-03-25T06:19:26","slug":"estrella-rubi-sanchez-nava-egresada-uaemex-destaco-en-concurso-iberoamericano-de-proyectos-estudiantiles-en-ciencia-y-tecnologia","status":"publish","type":"post","link":"https:\/\/www.diarioimagen.net\/?p=613881","title":{"rendered":"Estrella Rub\u00ed S\u00e1nchez Nava, egresada UAEMex, destac\u00f3 en Concurso Iberoamericano de Proyectos Estudiantiles en Ciencia y Tecnolog\u00eda"},"content":{"rendered":"<p>&nbsp;<\/p>\n<div id=\"attachment_613968\" style=\"width: 470px\" class=\"wp-caption aligncenter\"><a href=\"https:\/\/www.diarioimagen.net\/?attachment_id=613968\" rel=\"attachment wp-att-613968\"><img loading=\"lazy\" decoding=\"async\" aria-describedby=\"caption-attachment-613968\" class=\"size-full wp-image-613968\" src=\"https:\/\/www.diarioimagen.net\/wp-content\/uploads\/2024\/03\/uaem-estrella-rubi.jpg\" alt=\"\" width=\"460\" height=\"270\" \/><\/a><p id=\"caption-attachment-613968\" class=\"wp-caption-text\">Para S\u00e1nchez Nava el reconocimiento obtenido no s\u00f3lo valid\u00f3 su dedicaci\u00f3n al proyecto, sino que tambi\u00e9n destaca el potencial impacto positivo que puede tener en el campo de la rehabilitaci\u00f3n m\u00e9dica a corto plazo.<\/p><\/div>\n<p>&nbsp;<\/p>\n<p><strong>Toluca, Estado de M\u00e9xico.<\/strong>\u2014 Con la constante b\u00fasqueda de la innovaci\u00f3n y la aplicaci\u00f3n de las tecnolog\u00edas en el campo de la salud, Estrella Rubi S\u00e1nchez Nava, pasante de la Licenciatura en Bioingenier\u00eda M\u00e9dica de la Universidad Aut\u00f3noma del Estado de M\u00e9xico (UAEMex), destac\u00f3 en el desarrollo de un \u201cEntorno Virtual\u201d, el cual ha merecido la Distinci\u00f3n Platino en el Concurso Iberoamericano de Proyectos Estudiantiles en Ciencia y Tecnolog\u00eda, organizado por la Sociedad Latinoamericana de Ciencia y Tecnolog\u00eda (SOLACyT).<\/p>\n<p>Su proyecto consta de un videojuego que utiliza un seguidor \u00f3ptico de la mano para capturar y convertir los movimientos del usuario en acciones dentro de un \u201cEntorno Virtual\u201d, el cual cuenta con tres escenarios diferentes, cada uno dise\u00f1ado para replicar movimientos espec\u00edficos utilizados en la rehabilitaci\u00f3n del miembro superior, que comprende la mano, el antebrazo y brazo.<\/p>\n<p>\u201cLa idea de este proyecto es proporcionar una herramienta de apoyo a los fisioterapeutas, con el fin de incrementar la motivaci\u00f3n e inter\u00e9s de los pacientes, que por alguna lesi\u00f3n o enfermedad requieran rehabilitar el miembro superior y de esta manera se reduzca el \u00edndice de abandono a la terapia\u201d, coment\u00f3.<\/p>\n<p>S\u00e1nchez Nava explic\u00f3 que uno de los aspectos m\u00e1s destacados del proyecto es la inclusi\u00f3n de una pulsera, que proporciona una retroalimentaci\u00f3n al usuario, a trav\u00e9s de vibraciones, mejorando la correspondencia espacial entre los movimientos realizados en el entorno virtual y las sensaciones f\u00edsicas, proporcionando eficacia en la rehabilitaci\u00f3n y una experiencia m\u00e1s realista.<\/p>\n<p>Para Estrella S\u00e1nchez, el reconocimiento obtenido en el Concurso Iberoamericano de Proyectos Estudiantiles en Ciencia y Tecnolog\u00eda no s\u00f3lo valid\u00f3 su dedicaci\u00f3n al proyecto, sino que destaca el potencial impacto positivo que puede tener en el campo de la rehabilitaci\u00f3n m\u00e9dica a corto plazo.<\/p>\n<p>\u201cFue muy satisfactorio ver c\u00f3mo los evaluadores y las personas del concurso visualizaban el Entorno Virtual como algo atractivo y con una aplicaci\u00f3n pr\u00f3xima. Despu\u00e9s de trabajar en el proyecto durante todo un a\u00f1o, es f\u00e1cil caer en la percepci\u00f3n de que se trata de algo com\u00fan, algo que no sorprender\u00eda a cualquiera. Sin embargo, ver el inter\u00e9s genuino de las personas y reconocer su potencial a corto plazo fue muy gratificante para m\u00ed\u201d, abund\u00f3.<\/p>\n<p>Finalmente, S\u00e1nchez Nava aconsej\u00f3 al estudiantado universitario que buscan destacar en cualquier campo, que se enfoquen en aquello que les apasiona y perseveren en su desarrollo, ya que la pr\u00e1ctica ofrece mayores oportunidades. Adem\u00e1s, les anima a colaborar con el profesorado y expertos en el campo.<\/p>\n<p>\u201cMuchas veces te cierras porque tienes que cumplir con las tareas semestrales o con los ex\u00e1menes, pero el hecho de que colabores con las y los doctores, con las y los ingenieros o con las y los investigadores, te abrir\u00e1 muchas puertas\u201d, destac\u00f3.<\/p>\n","protected":false},"excerpt":{"rendered":"<p>Con la constante b\u00fasqueda de la innovaci\u00f3n y la aplicaci\u00f3n de las tecnolog\u00edas en el campo de la salud, Estrella Rubi S\u00e1nchez Nava, pasante de la Licenciatura en Bioingenier\u00eda M\u00e9dica de la Universidad Aut\u00f3noma del Estado de M\u00e9xico (UAEMex), destac\u00f3 en el desarrollo de un \u201cEntorno Virtual\u201d, el cual ha merecido la Distinci\u00f3n Platino en el Concurso Iberoamericano de Proyectos Estudiantiles en Ciencia y Tecnolog\u00eda, organizado por la Sociedad Latinoamericana de Ciencia y Tecnolog\u00eda (SOLACyT).<\/p>\n","protected":false},"author":3,"featured_media":613968,"comment_status":"open","ping_status":"open","sticky":false,"template":"","format":"standard","meta":{"_monsterinsights_skip_tracking":false,"_monsterinsights_sitenote_active":false,"_monsterinsights_sitenote_note":"","_monsterinsights_sitenote_category":0,"footnotes":""},"categories":[5],"tags":[99662,67878],"class_list":["post-613881","post","type-post","status-publish","format-standard","has-post-thumbnail","hentry","category-estado-de-mexico","tag-solacyt","tag-uaemex"],"_links":{"self":[{"href":"https:\/\/www.diarioimagen.net\/index.php?rest_route=\/wp\/v2\/posts\/613881","targetHints":{"allow":["GET"]}}],"collection":[{"href":"https:\/\/www.diarioimagen.net\/index.php?rest_route=\/wp\/v2\/posts"}],"about":[{"href":"https:\/\/www.diarioimagen.net\/index.php?rest_route=\/wp\/v2\/types\/post"}],"author":[{"embeddable":true,"href":"https:\/\/www.diarioimagen.net\/index.php?rest_route=\/wp\/v2\/users\/3"}],"replies":[{"embeddable":true,"href":"https:\/\/www.diarioimagen.net\/index.php?rest_route=%2Fwp%2Fv2%2Fcomments&post=613881"}],"version-history":[{"count":0,"href":"https:\/\/www.diarioimagen.net\/index.php?rest_route=\/wp\/v2\/posts\/613881\/revisions"}],"wp:featuredmedia":[{"embeddable":true,"href":"https:\/\/www.diarioimagen.net\/index.php?rest_route=\/wp\/v2\/media\/613968"}],"wp:attachment":[{"href":"https:\/\/www.diarioimagen.net\/index.php?rest_route=%2Fwp%2Fv2%2Fmedia&parent=613881"}],"wp:term":[{"taxonomy":"category","embeddable":true,"href":"https:\/\/www.diarioimagen.net\/index.php?rest_route=%2Fwp%2Fv2%2Fcategories&post=613881"},{"taxonomy":"post_tag","embeddable":true,"href":"https:\/\/www.diarioimagen.net\/index.php?rest_route=%2Fwp%2Fv2%2Ftags&post=613881"}],"curies":[{"name":"wp","href":"https:\/\/api.w.org\/{rel}","templated":true}]}}