{"id":613884,"date":"2024-03-22T00:01:19","date_gmt":"2024-03-22T06:01:19","guid":{"rendered":"https:\/\/www.diarioimagen.net\/?p=613884"},"modified":"2024-03-22T02:08:05","modified_gmt":"2024-03-22T08:08:05","slug":"falta-de-agua-en-naucalpan-no-es-culpa-de-empleados-del-oapas-tomas-palomares-parra","status":"publish","type":"post","link":"https:\/\/www.diarioimagen.net\/?p=613884","title":{"rendered":"Falta de agua en Naucalpan no es culpa de empleados del OAPAS: Tom\u00e1s Palomares Parra"},"content":{"rendered":"<p>&nbsp;<\/p>\n<ul>\n<li><strong><em>Crisis por bajos niveles del Sistema Cutzamala<\/em> <\/strong><\/li>\n<\/ul>\n<p><strong>\u00a0<\/strong><\/p>\n<h6>Arturo Baena<\/h6>\n<p>&nbsp;<\/p>\n<div id=\"attachment_613993\" style=\"width: 470px\" class=\"wp-caption aligncenter\"><a href=\"https:\/\/www.diarioimagen.net\/?attachment_id=613993\" rel=\"attachment wp-att-613993\"><img loading=\"lazy\" decoding=\"async\" aria-describedby=\"caption-attachment-613993\" class=\"size-full wp-image-613993\" src=\"https:\/\/www.diarioimagen.net\/wp-content\/uploads\/2024\/03\/falta-de-agua-naucalpan.jpg\" alt=\"\" width=\"460\" height=\"270\" \/><\/a><p id=\"caption-attachment-613993\" class=\"wp-caption-text\">Tom\u00e1s Palomares Parra, secretario general del SUTEyM,\u00a0 afirm\u00f3 que los empleados de OAPAS no tienen la culpa o responsabilidad alguna por los continuos recortes del agua en Naucalpan.<\/p><\/div>\n<p>&nbsp;<\/p>\n<p><strong>Naucalpan, Estado de M\u00e9xico.\u2014<\/strong> \u201cDe ninguna manera, los empleados del OAPAS son responsables por la falta del suministro de agua en el municipio, por lo cual hago un llamado a la poblaci\u00f3n a respetar su trabajo ante la crisis h\u00eddrica que actualmente padecemos en todo el pa\u00eds\u201d.<\/p>\n<p>As\u00ed lo expres\u00f3 en entrevista Tom\u00e1s Palomares Parra, secretario general del SUTEyM,\u00a0 luego de se\u00f1alar que \u201c de ninguna manera, los empleados del organismo tienen la culpa o responsabilidad alguna por los continuos recortes del agua que ha provocado la Conagua por los bajos niveles del vital l\u00edquido del sistema Cutzamala\u201d.<\/p>\n<p>El l\u00edder del gremio record\u00f3 que los trabajadores del organismo y del ayuntamiento tambi\u00e9n son vecinos de alguna comunidad y enfrentan este mismo conflicto de los recortes del agua.<\/p>\n<p>Enfatiz\u00f3 que la crisis h\u00eddrica no es responsabilidad del gobierno municipal actual, sino una situaci\u00f3n de tiempo atr\u00e1s que ha generado la propia Conagua para demarcaciones como Naucalpan.<\/p>\n<p>Por otra parte, Palomares Parra indic\u00f3 que lo delicado de la crisis h\u00eddrica, sea tornada como un tema pol\u00edtico y del cual diversos actores quieren aprovecharse para tratar de afectar la imagen de la actual gerencia.<\/p>\n<p>Sin embargo, reconoci\u00f3 que es de todos conocidos que la administraci\u00f3n anterior dej\u00f3 una deuda en el OAPAS de m\u00e1s mil 500 millones de pesos y que, adem\u00e1s, no le dieron mantenimiento a ninguno de los pozos de agua con los que cuenta el municipio y poder dar abastecimiento a las comunidades.<\/p>\n<p>Insisti\u00f3 que la responsabilidad no es de los trabajadores, por el contrario, dijo, los servidores p\u00fablicos hacen su funci\u00f3n y tratan de distribuir el agua de la manera m\u00e1s eficiente para que pueda alcanzar en todos los lugares.<\/p>\n","protected":false},"excerpt":{"rendered":"<p>\u201cDe ninguna manera, los empleados del OAPAS son responsables por la falta del suministro de agua en el municipio, por lo cual hago un llamado a la poblaci\u00f3n a respetar su trabajo ante la crisis h\u00eddrica que actualmente padecemos en todo el pa\u00eds\u201d.<\/p>\n","protected":false},"author":3,"featured_media":613993,"comment_status":"open","ping_status":"open","sticky":false,"template":"","format":"standard","meta":{"_monsterinsights_skip_tracking":false,"_monsterinsights_sitenote_active":false,"_monsterinsights_sitenote_note":"","_monsterinsights_sitenote_category":0,"footnotes":""},"categories":[5],"tags":[162,43675,970,56429],"class_list":["post-613884","post","type-post","status-publish","format-standard","has-post-thumbnail","hentry","category-estado-de-mexico","tag-agua","tag-estado-de-mexico","tag-naucalpan","tag-tomas-palomares-parra"],"_links":{"self":[{"href":"https:\/\/www.diarioimagen.net\/index.php?rest_route=\/wp\/v2\/posts\/613884","targetHints":{"allow":["GET"]}}],"collection":[{"href":"https:\/\/www.diarioimagen.net\/index.php?rest_route=\/wp\/v2\/posts"}],"about":[{"href":"https:\/\/www.diarioimagen.net\/index.php?rest_route=\/wp\/v2\/types\/post"}],"author":[{"embeddable":true,"href":"https:\/\/www.diarioimagen.net\/index.php?rest_route=\/wp\/v2\/users\/3"}],"replies":[{"embeddable":true,"href":"https:\/\/www.diarioimagen.net\/index.php?rest_route=%2Fwp%2Fv2%2Fcomments&post=613884"}],"version-history":[{"count":0,"href":"https:\/\/www.diarioimagen.net\/index.php?rest_route=\/wp\/v2\/posts\/613884\/revisions"}],"wp:featuredmedia":[{"embeddable":true,"href":"https:\/\/www.diarioimagen.net\/index.php?rest_route=\/wp\/v2\/media\/613993"}],"wp:attachment":[{"href":"https:\/\/www.diarioimagen.net\/index.php?rest_route=%2Fwp%2Fv2%2Fmedia&parent=613884"}],"wp:term":[{"taxonomy":"category","embeddable":true,"href":"https:\/\/www.diarioimagen.net\/index.php?rest_route=%2Fwp%2Fv2%2Fcategories&post=613884"},{"taxonomy":"post_tag","embeddable":true,"href":"https:\/\/www.diarioimagen.net\/index.php?rest_route=%2Fwp%2Fv2%2Ftags&post=613884"}],"curies":[{"name":"wp","href":"https:\/\/api.w.org\/{rel}","templated":true}]}}