{"id":613886,"date":"2024-03-22T00:02:49","date_gmt":"2024-03-22T06:02:49","guid":{"rendered":"https:\/\/www.diarioimagen.net\/?p=613886"},"modified":"2024-03-22T02:07:28","modified_gmt":"2024-03-22T08:07:28","slug":"descontento-de-morenistas-en-edomex-por-designaciones-de-candidatos-guindas","status":"publish","type":"post","link":"https:\/\/www.diarioimagen.net\/?p=613886","title":{"rendered":"Descontento de morenistas en Edomex por designaciones de candidatos guindas"},"content":{"rendered":"<p>&nbsp;<\/p>\n<ul>\n<li><em><strong>Se lanzan contra el l\u00edder Mario Delgado<\/strong><\/em><\/li>\n<\/ul>\n<p><strong>\u00a0<\/strong><\/p>\n<h6>Arturo Baena<\/h6>\n<p>&nbsp;<\/p>\n<div id=\"attachment_613991\" style=\"width: 470px\" class=\"wp-caption aligncenter\"><a href=\"https:\/\/www.diarioimagen.net\/?attachment_id=613991\" rel=\"attachment wp-att-613991\"><img loading=\"lazy\" decoding=\"async\" aria-describedby=\"caption-attachment-613991\" class=\"size-full wp-image-613991\" src=\"https:\/\/www.diarioimagen.net\/wp-content\/uploads\/2024\/03\/descontesto-de-morenistas.jpg\" alt=\"\" width=\"460\" height=\"270\" \/><\/a><p id=\"caption-attachment-613991\" class=\"wp-caption-text\">Higinio Mart\u00ednez declar\u00f3 a medios de comunicaci\u00f3n que el l\u00edder nacional de Morena, Mario Delgado, act\u00faa de manera irresponsable.<\/p><\/div>\n<p>&nbsp;<\/p>\n<p><strong>Valle de M\u00e9xico.\u2014<\/strong> Diversos actores pol\u00edticos de Morena secundaron lo se\u00f1alado por Higinio Mart\u00ednez, candidato a senador, quien descalific\u00f3 la designaci\u00f3n a cuentagotas de candidatos en el Estado de M\u00e9xico, al se\u00f1alar que con ello la dirigencia nacional, que encabeza Mario Delgado, ningunea el liderazgo local y pareciera que lo que busca es perder espacios en la regi\u00f3n.<\/p>\n<p>Tras conocerse un presunto listado de candidaturas a presidencias municipales en ocho localidades, emitido por la Comisi\u00f3n Nacional de Elecciones, Higinio Mart\u00ednez declar\u00f3 a medios de comunicaci\u00f3n que Mario Delgado act\u00faa de manera irresponsable y sectaria.<\/p>\n<p>Resalt\u00f3 que aun cuando el CEN de Morena tiene m\u00e1s de veinte municipios que concentran entre el 60% y 70 % del electorado mexiquense, ha recurrido a la pr\u00e1ctica de la tardanza.<\/p>\n<p>Tambi\u00e9n manifest\u00f3 que filtrar una \u201cminilista\u201d con apenas ocho municipios es una acci\u00f3n irresponsable que resulta hasta tendenciosa y facciosa, porque el Estado de M\u00e9xico es la entidad con mayor potencial de votaci\u00f3n \u201cy nos trata de forma grosera. Ningunea a la dirigencia estatal y se la pasa escamoteando las aspiraciones de las y los candidatos\u201d.<\/p>\n<p>Luego de que se dio a conocer otra lista de ocho registros de candidaturas aprobadas para el #Edomex, el senador Higinio Mart\u00ednez Miranda respondi\u00f3 que Mario Delgado Carrillo, dirigente nacional de Morena act\u00faa de manera irresponsable y sectaria.<\/p>\n<p>\u201cQue no se vaya a agotar Mario Delgado con tantas designaciones\u201d, reclam\u00f3 el l\u00edder del Movimiento Mexiquenses de Coraz\u00f3n.<\/p>\n","protected":false},"excerpt":{"rendered":"<p>Diversos actores pol\u00edticos de Morena secundaron lo se\u00f1alado por Higinio Mart\u00ednez, candidato a senador, quien descalific\u00f3 la designaci\u00f3n a cuentagotas de candidatos en el Estado de M\u00e9xico, al se\u00f1alar que con ello la dirigencia nacional, que encabeza Mario Delgado, ningunea el liderazgo local y pareciera que lo que busca es perder espacios en la regi\u00f3n.<\/p>\n","protected":false},"author":3,"featured_media":613991,"comment_status":"open","ping_status":"open","sticky":false,"template":"","format":"standard","meta":{"_monsterinsights_skip_tracking":false,"_monsterinsights_sitenote_active":false,"_monsterinsights_sitenote_note":"","_monsterinsights_sitenote_category":0,"footnotes":""},"categories":[5],"tags":[4432,99663,34],"class_list":["post-613886","post","type-post","status-publish","format-standard","has-post-thumbnail","hentry","category-estado-de-mexico","tag-candidatos","tag-guindas","tag-valle-de-mexico"],"_links":{"self":[{"href":"https:\/\/www.diarioimagen.net\/index.php?rest_route=\/wp\/v2\/posts\/613886","targetHints":{"allow":["GET"]}}],"collection":[{"href":"https:\/\/www.diarioimagen.net\/index.php?rest_route=\/wp\/v2\/posts"}],"about":[{"href":"https:\/\/www.diarioimagen.net\/index.php?rest_route=\/wp\/v2\/types\/post"}],"author":[{"embeddable":true,"href":"https:\/\/www.diarioimagen.net\/index.php?rest_route=\/wp\/v2\/users\/3"}],"replies":[{"embeddable":true,"href":"https:\/\/www.diarioimagen.net\/index.php?rest_route=%2Fwp%2Fv2%2Fcomments&post=613886"}],"version-history":[{"count":0,"href":"https:\/\/www.diarioimagen.net\/index.php?rest_route=\/wp\/v2\/posts\/613886\/revisions"}],"wp:featuredmedia":[{"embeddable":true,"href":"https:\/\/www.diarioimagen.net\/index.php?rest_route=\/wp\/v2\/media\/613991"}],"wp:attachment":[{"href":"https:\/\/www.diarioimagen.net\/index.php?rest_route=%2Fwp%2Fv2%2Fmedia&parent=613886"}],"wp:term":[{"taxonomy":"category","embeddable":true,"href":"https:\/\/www.diarioimagen.net\/index.php?rest_route=%2Fwp%2Fv2%2Fcategories&post=613886"},{"taxonomy":"post_tag","embeddable":true,"href":"https:\/\/www.diarioimagen.net\/index.php?rest_route=%2Fwp%2Fv2%2Ftags&post=613886"}],"curies":[{"name":"wp","href":"https:\/\/api.w.org\/{rel}","templated":true}]}}