{"id":613888,"date":"2024-03-22T00:03:02","date_gmt":"2024-03-22T06:03:02","guid":{"rendered":"https:\/\/www.diarioimagen.net\/?p=613888"},"modified":"2024-03-22T02:06:54","modified_gmt":"2024-03-22T08:06:54","slug":"sacaremos-adelante-eleccion-pese-a-recorte-de-recursos-titular-del-ieem","status":"publish","type":"post","link":"https:\/\/www.diarioimagen.net\/?p=613888","title":{"rendered":"Sacaremos adelante elecci\u00f3n, pese a recorte de recursos: titular del IEEM"},"content":{"rendered":"<p>&nbsp;<\/p>\n<ul>\n<li><em><strong>Aprueban ajuste al presupuesto de egresos<\/strong><\/em><\/li>\n<\/ul>\n<p>&nbsp;<\/p>\n<div id=\"attachment_613989\" style=\"width: 470px\" class=\"wp-caption aligncenter\"><a href=\"https:\/\/www.diarioimagen.net\/?attachment_id=613989\" rel=\"attachment wp-att-613989\"><img loading=\"lazy\" decoding=\"async\" aria-describedby=\"caption-attachment-613989\" class=\"size-full wp-image-613989\" src=\"https:\/\/www.diarioimagen.net\/wp-content\/uploads\/2024\/03\/sacaremos-adelante-elecction.jpg\" alt=\"\" width=\"460\" height=\"270\" \/><\/a><p id=\"caption-attachment-613989\" class=\"wp-caption-text\">D\u00e9cimo cuarta Sesi\u00f3n Extraordinaria del Consejo General del IEEM, donde se aprob\u00f3 el ajuste al presupuesto de egresos del Instituto Electoral del Edomex.<\/p><\/div>\n<p>&nbsp;<\/p>\n<p><strong>Toluca, Estado de M\u00e9xico.\u2014<\/strong> A pesar del recorte presupuestal lograremos sacar adelante la elecci\u00f3n, afirm\u00f3 la consejera presidenta del Instituto Electoral del Estado de M\u00e9xico (IEEM), Amalia Pulido G\u00f3mez, quien adem\u00e1s se\u00f1al\u00f3 que en la instituci\u00f3n se incorporan principios de eficiencia en su quehacer cotidiano, mismos que se reflejan en las modificaciones hechas a los proyectos que requieren del uso de los recursos p\u00fablicos destinados al \u00f3rgano electoral.<\/p>\n<p>Lo anterior como parte de la d\u00e9cimo cuarta Sesi\u00f3n Extraordinaria del Consejo General del IEEM, donde se aprob\u00f3 el ajuste al presupuesto de egresos del IEEM, as\u00ed como las modificaciones al Programa Anual de Actividades.<\/p>\n<p>La consejera electoral Karina Ivonne Vaquera Montoya se pronunci\u00f3 por ejercer el presupuesto de la forma m\u00e1s transparente posible, pues ya las \u00e1reas realizaron los ajustes necesarios para organizar el proceso electoral bajo las medidas de disciplina presupuestal y austeridad. Por su parte, la Consejera Electoral, Laura Daniella Dur\u00e1n Ceja destac\u00f3 que el ajuste presupuestal obliga al IEEM a organizar el proceso electoral con la misma calidad, pero con menos recursos, por lo que consider\u00f3 se debe reflexionar sobre cu\u00e1les son los gastos que se deben eficientar.<\/p>\n<p>La consejera electoral Sandra L\u00f3pez Bringas, enfatiz\u00f3 que, pese a los recortes presupuestales, deben considerarse las contingencias que se puedan presentar durante el desarrollo del proceso electoral, por lo que estim\u00f3 necesario no escatimar recursos en las actividades relacionadas con la organizaci\u00f3n de la Jornada Electoral y reconsiderar los gastos que no est\u00e9n directamente vinculados con la misma.<\/p>\n","protected":false},"excerpt":{"rendered":"<p>A pesar del recorte presupuestal lograremos sacar adelante la elecci\u00f3n, afirm\u00f3 la consejera presidenta del Instituto Electoral del Estado de M\u00e9xico (IEEM), Amalia Pulido G\u00f3mez, quien adem\u00e1s se\u00f1al\u00f3 que en la instituci\u00f3n se incorporan principios de eficiencia en su quehacer cotidiano, mismos que se reflejan en las modificaciones hechas a los proyectos que requieren del uso de los recursos p\u00fablicos destinados al \u00f3rgano electoral.<\/p>\n","protected":false},"author":3,"featured_media":613989,"comment_status":"open","ping_status":"open","sticky":false,"template":"","format":"standard","meta":{"_monsterinsights_skip_tracking":false,"_monsterinsights_sitenote_active":false,"_monsterinsights_sitenote_note":"","_monsterinsights_sitenote_category":0,"footnotes":""},"categories":[5],"tags":[43675,694,452],"class_list":["post-613888","post","type-post","status-publish","format-standard","has-post-thumbnail","hentry","category-estado-de-mexico","tag-estado-de-mexico","tag-ieem","tag-toluca"],"_links":{"self":[{"href":"https:\/\/www.diarioimagen.net\/index.php?rest_route=\/wp\/v2\/posts\/613888","targetHints":{"allow":["GET"]}}],"collection":[{"href":"https:\/\/www.diarioimagen.net\/index.php?rest_route=\/wp\/v2\/posts"}],"about":[{"href":"https:\/\/www.diarioimagen.net\/index.php?rest_route=\/wp\/v2\/types\/post"}],"author":[{"embeddable":true,"href":"https:\/\/www.diarioimagen.net\/index.php?rest_route=\/wp\/v2\/users\/3"}],"replies":[{"embeddable":true,"href":"https:\/\/www.diarioimagen.net\/index.php?rest_route=%2Fwp%2Fv2%2Fcomments&post=613888"}],"version-history":[{"count":0,"href":"https:\/\/www.diarioimagen.net\/index.php?rest_route=\/wp\/v2\/posts\/613888\/revisions"}],"wp:featuredmedia":[{"embeddable":true,"href":"https:\/\/www.diarioimagen.net\/index.php?rest_route=\/wp\/v2\/media\/613989"}],"wp:attachment":[{"href":"https:\/\/www.diarioimagen.net\/index.php?rest_route=%2Fwp%2Fv2%2Fmedia&parent=613888"}],"wp:term":[{"taxonomy":"category","embeddable":true,"href":"https:\/\/www.diarioimagen.net\/index.php?rest_route=%2Fwp%2Fv2%2Fcategories&post=613888"},{"taxonomy":"post_tag","embeddable":true,"href":"https:\/\/www.diarioimagen.net\/index.php?rest_route=%2Fwp%2Fv2%2Ftags&post=613888"}],"curies":[{"name":"wp","href":"https:\/\/api.w.org\/{rel}","templated":true}]}}