{"id":614026,"date":"2024-03-25T00:06:03","date_gmt":"2024-03-25T06:06:03","guid":{"rendered":"https:\/\/www.diarioimagen.net\/?p=614026"},"modified":"2024-03-26T00:58:18","modified_gmt":"2024-03-26T06:58:18","slug":"afianza-uaemex-colaboracion-en-materia-de-proteccion-civil-con-el-sector-publico","status":"publish","type":"post","link":"https:\/\/www.diarioimagen.net\/?p=614026","title":{"rendered":"Afianza UAEM\u00e9x colaboraci\u00f3n en materia de protecci\u00f3n civil con el sector p\u00fablico"},"content":{"rendered":"<p>&nbsp;<\/p>\n<div id=\"attachment_614125\" style=\"width: 470px\" class=\"wp-caption aligncenter\"><a href=\"https:\/\/www.diarioimagen.net\/?attachment_id=614125\" rel=\"attachment wp-att-614125\"><img loading=\"lazy\" decoding=\"async\" aria-describedby=\"caption-attachment-614125\" class=\"size-full wp-image-614125\" src=\"https:\/\/www.diarioimagen.net\/wp-content\/uploads\/2024\/03\/uaem-afianza.jpg\" alt=\"\" width=\"460\" height=\"270\" \/><\/a><p id=\"caption-attachment-614125\" class=\"wp-caption-text\">La Universidad Aut\u00f3noma del Estado de M\u00e9xico (UAEM\u00e9x) y la Coordinaci\u00f3n General de Protecci\u00f3n Civil y Gesti\u00f3n Integral del Riesgo (CGPCyGIR) del Gobierno del Estado de M\u00e9xico firmaron un convenio de colaboraci\u00f3n.<\/p><\/div>\n<p>&nbsp;<\/p>\n<p><strong>Toluca, Estado de M\u00e9xico.<\/strong>\u2014 Con el prop\u00f3sito de fortalecer la seguridad de espacios que sean propicios para el desarrollo de la sociedad mexiquense, la Universidad Aut\u00f3noma del Estado de M\u00e9xico (UAEM\u00e9x) y la Coordinaci\u00f3n General de Protecci\u00f3n Civil y Gesti\u00f3n Integral del Riesgo (CGPCyGIR) de la Secretar\u00eda General del Gobierno del Estado de M\u00e9xico firmaron un convenio de colaboraci\u00f3n.<\/p>\n<p>En el Torre\u00f3n de la Identidad Universitaria del Edificio de Rector\u00eda y en compa\u00f1\u00eda del titular de la CGPCyGIR, el rector de la Aut\u00f3noma mexiquense, Carlos Eduardo Barrera D\u00edaz, destac\u00f3 que el trabajo conjunto entre ambas instituciones representa una extensi\u00f3n del conocimiento y el compromiso de salvaguardar la vida de las y los mexiquenses.<\/p>\n<p>Barrera D\u00edaz, subray\u00f3, que adem\u00e1s de beneficiar a la comunidad estudiantil para realizar su servicio social, pr\u00e1cticas profesionales y pasant\u00edas en el sector p\u00fablico, la firma de dicho documento representa la colaboraci\u00f3n interdisciplinaria entre personal acad\u00e9mico y del gobierno estatal en materia de protecci\u00f3n civil.<\/p>\n<p>\u201cNuestra Universidad est\u00e1 presente en 24 municipios de nuestra entidad, es por ello que la protecci\u00f3n civil es una responsabilidad fundamental que requiere la participaci\u00f3n de la ciudadan\u00eda, la academia y todos los sectores de nuestra entidad\u201d, resalt\u00f3.<\/p>\n<p>Por su parte, el subsecretario General del Gobierno del Estado de M\u00e9xico enfatiz\u00f3, que debido al incansable esfuerzo de Barrera D\u00edaz por generar relaciones colaborativas que puedan contribuir positivamente a la sociedad mexiquense, se firm\u00f3 este convenio que cumple con las obligaciones que tienen las universidades p\u00fablicas como instituciones al servicio de sus comunidades con un sentido de retribuci\u00f3n.<\/p>\n<p>En este mismo sentido, el titular de la CGPCyGIR refiri\u00f3 que este convenio es la consolidaci\u00f3n de un apoyo rec\u00edproco y valioso, el cual marca una ruta de apoyo entre ambas instituciones.<\/p>\n<p>A\u00f1adi\u00f3, que ante las emergencias y retos ambientales actuales, es crucial establecer v\u00ednculos de colaboraci\u00f3n para la protecci\u00f3n de la comunidad mexiquense que se encuentra vulnerable ante las emergencias que enfrentan en su d\u00eda a d\u00eda, como las personas damnificadas por el deslizamiento de rocas en el cerro de Chiquihuite, donde el equipo de protecci\u00f3n civil realiz\u00f3 un trabajo pronto y de la mejor calidad.<\/p>\n<p>\u201cLa salvaguarda de la vida, de los bienes y del entorno de las y los mexiquenses hoy se encuentra mejor con esta alianza que tienen estas instituciones, con la vocaci\u00f3n de seguir trabajando bajo el lema de Patria, Ciencia y Trabajo de esta M\u00e1xima Casa de estudios\u201d, subray\u00f3.<\/p>\n<p>Al acto, tambi\u00e9n asistieron, el secretario de Extensi\u00f3n y Vinculaci\u00f3n de la UAEM\u00e9x, Francisco Zepeda Mondrag\u00f3n; la directora de la Facultad de Geograf\u00eda, Lidia Alejandra Gonz\u00e1lez Becerril; el jefe de Departamento de Protecci\u00f3n Universitaria, Ruggiero Olivera Guadarrama; integrantes del gabinete universitario y funcionarios y funcionarias de la Secretar\u00eda General de Gobierno del Estado de M\u00e9xico.<\/p>\n","protected":false},"excerpt":{"rendered":"<p>Con el prop\u00f3sito de fortalecer la seguridad de espacios que sean propicios para el desarrollo de la sociedad mexiquense, la Universidad Aut\u00f3noma del Estado de M\u00e9xico (UAEM\u00e9x) y la Coordinaci\u00f3n General de Protecci\u00f3n Civil y Gesti\u00f3n Integral del Riesgo (CGPCyGIR) de la Secretar\u00eda General del Gobierno del Estado de M\u00e9xico firmaron un convenio de colaboraci\u00f3n.<\/p>\n","protected":false},"author":3,"featured_media":614125,"comment_status":"open","ping_status":"open","sticky":false,"template":"","format":"standard","meta":{"_monsterinsights_skip_tracking":false,"_monsterinsights_sitenote_active":false,"_monsterinsights_sitenote_note":"","_monsterinsights_sitenote_category":0,"footnotes":""},"categories":[5],"tags":[43675,73981,452,67878],"class_list":["post-614026","post","type-post","status-publish","format-standard","has-post-thumbnail","hentry","category-estado-de-mexico","tag-estado-de-mexico","tag-sector-publico","tag-toluca","tag-uaemex"],"_links":{"self":[{"href":"https:\/\/www.diarioimagen.net\/index.php?rest_route=\/wp\/v2\/posts\/614026","targetHints":{"allow":["GET"]}}],"collection":[{"href":"https:\/\/www.diarioimagen.net\/index.php?rest_route=\/wp\/v2\/posts"}],"about":[{"href":"https:\/\/www.diarioimagen.net\/index.php?rest_route=\/wp\/v2\/types\/post"}],"author":[{"embeddable":true,"href":"https:\/\/www.diarioimagen.net\/index.php?rest_route=\/wp\/v2\/users\/3"}],"replies":[{"embeddable":true,"href":"https:\/\/www.diarioimagen.net\/index.php?rest_route=%2Fwp%2Fv2%2Fcomments&post=614026"}],"version-history":[{"count":0,"href":"https:\/\/www.diarioimagen.net\/index.php?rest_route=\/wp\/v2\/posts\/614026\/revisions"}],"wp:featuredmedia":[{"embeddable":true,"href":"https:\/\/www.diarioimagen.net\/index.php?rest_route=\/wp\/v2\/media\/614125"}],"wp:attachment":[{"href":"https:\/\/www.diarioimagen.net\/index.php?rest_route=%2Fwp%2Fv2%2Fmedia&parent=614026"}],"wp:term":[{"taxonomy":"category","embeddable":true,"href":"https:\/\/www.diarioimagen.net\/index.php?rest_route=%2Fwp%2Fv2%2Fcategories&post=614026"},{"taxonomy":"post_tag","embeddable":true,"href":"https:\/\/www.diarioimagen.net\/index.php?rest_route=%2Fwp%2Fv2%2Ftags&post=614026"}],"curies":[{"name":"wp","href":"https:\/\/api.w.org\/{rel}","templated":true}]}}