{"id":614027,"date":"2024-03-25T00:05:59","date_gmt":"2024-03-25T06:05:59","guid":{"rendered":"https:\/\/www.diarioimagen.net\/?p=614027"},"modified":"2024-03-26T01:51:05","modified_gmt":"2024-03-26T07:51:05","slug":"destacan-equipos-representativos-de-voleibol-de-la-uaemex","status":"publish","type":"post","link":"https:\/\/www.diarioimagen.net\/?p=614027","title":{"rendered":"Destacan equipos representativos de voleibol de la UAEM\u00e9x"},"content":{"rendered":"<p>&nbsp;<\/p>\n<div id=\"attachment_614127\" style=\"width: 470px\" class=\"wp-caption aligncenter\"><a href=\"https:\/\/www.diarioimagen.net\/?attachment_id=614127\" rel=\"attachment wp-att-614127\"><img loading=\"lazy\" decoding=\"async\" aria-describedby=\"caption-attachment-614127\" class=\"size-full wp-image-614127\" src=\"https:\/\/www.diarioimagen.net\/wp-content\/uploads\/2024\/03\/uaem-destacan-equipos.jpg\" alt=\"\" width=\"460\" height=\"270\" \/><\/a><p id=\"caption-attachment-614127\" class=\"wp-caption-text\">Durante su participaci\u00f3n de los Juegos Estatales CONADE 2024, el equipo femenil de la categor\u00eda juvenil mayor obtuvo el tercer lugar; en tanto, el conjunto varonil de la categor\u00eda juvenil mayor logr\u00f3 colgarse la presea de bronce.<\/p><\/div>\n<p>&nbsp;<\/p>\n<p><strong>Toluca, Estado de M\u00e9xico.<\/strong>\u2014 Destacada actuaci\u00f3n tuvieron los representativos de la disciplina de voleibol en las ramas varonil y femenil de la Universidad Aut\u00f3noma del Estado de M\u00e9xico (UAEM\u00e9x), durante su participaci\u00f3n de los Juegos Estatales CONADE \u2014Comisi\u00f3n Nacional de Cultura F\u00edsica y Deporte\u2014 2024.<\/p>\n<p>El equipo femenil de la categor\u00eda juvenil mayor 2006-2007 obtuvo el tercer lugar; en tanto, el conjunto varonil de la categor\u00eda juvenil mayor 2006-2007 logr\u00f3 colgarse la presea de bronce. Asimismo, los conjuntos de la rama varonil de las categor\u00edas juvenil superior 2004-2005 y 2006-2007 consiguieron las cuartas posiciones.<\/p>\n<p>La entrenadora del representativo universitario, categor\u00eda media superior varonil, Laura Miranda Dur\u00e1n destac\u00f3 la participaci\u00f3n de los j\u00f3venes, que, dijo, colocaron todo su empe\u00f1o y dedicaci\u00f3n durante los entrenamientos. \u201cEsto nos alienta a seguir trabajando con la intenci\u00f3n de mejorar nuestros resultados y poner en alto el nombre de la Universidad Aut\u00f3noma del Estado de M\u00e9xico\u201d, subray\u00f3.<\/p>\n<p>Adem\u00e1s, la competencia, que tuvo como escenario la Unidad Deportiva \u201cLic. Adolfo L\u00f3pez Mateos\u201d de la UAEM\u00e9x, represent\u00f3 la oportunidad para que las y los universitarios contin\u00faen su preparaci\u00f3n rumbo a la Universiada Nacional 2024.<\/p>\n<p>De esta manera, los jugadores de voleibol de la Aut\u00f3noma mexiquense demuestran el buen nivel que tienen y, sobre todo, su esfuerzo para ocupar los primeros sitios en las diversas competencias en las que participan.<\/p>\n","protected":false},"excerpt":{"rendered":"<p>Destacada actuaci\u00f3n tuvieron los representativos de la disciplina de voleibol en las\u00a0ramas\u00a0varonil y femenil de la Universidad Aut\u00f3noma del Estado de M\u00e9xico (UAEM\u00e9x), durante su participaci\u00f3n de los Juegos Estatales CONADE \u2014Comisi\u00f3n Nacional de Cultura F\u00edsica y Deporte\u2014 2024.<\/p>\n","protected":false},"author":3,"featured_media":614127,"comment_status":"open","ping_status":"open","sticky":false,"template":"","format":"standard","meta":{"_monsterinsights_skip_tracking":false,"_monsterinsights_sitenote_active":false,"_monsterinsights_sitenote_note":"","_monsterinsights_sitenote_category":0,"footnotes":""},"categories":[5],"tags":[4390,67878],"class_list":["post-614027","post","type-post","status-publish","format-standard","has-post-thumbnail","hentry","category-estado-de-mexico","tag-conade","tag-uaemex"],"_links":{"self":[{"href":"https:\/\/www.diarioimagen.net\/index.php?rest_route=\/wp\/v2\/posts\/614027","targetHints":{"allow":["GET"]}}],"collection":[{"href":"https:\/\/www.diarioimagen.net\/index.php?rest_route=\/wp\/v2\/posts"}],"about":[{"href":"https:\/\/www.diarioimagen.net\/index.php?rest_route=\/wp\/v2\/types\/post"}],"author":[{"embeddable":true,"href":"https:\/\/www.diarioimagen.net\/index.php?rest_route=\/wp\/v2\/users\/3"}],"replies":[{"embeddable":true,"href":"https:\/\/www.diarioimagen.net\/index.php?rest_route=%2Fwp%2Fv2%2Fcomments&post=614027"}],"version-history":[{"count":0,"href":"https:\/\/www.diarioimagen.net\/index.php?rest_route=\/wp\/v2\/posts\/614027\/revisions"}],"wp:featuredmedia":[{"embeddable":true,"href":"https:\/\/www.diarioimagen.net\/index.php?rest_route=\/wp\/v2\/media\/614127"}],"wp:attachment":[{"href":"https:\/\/www.diarioimagen.net\/index.php?rest_route=%2Fwp%2Fv2%2Fmedia&parent=614027"}],"wp:term":[{"taxonomy":"category","embeddable":true,"href":"https:\/\/www.diarioimagen.net\/index.php?rest_route=%2Fwp%2Fv2%2Fcategories&post=614027"},{"taxonomy":"post_tag","embeddable":true,"href":"https:\/\/www.diarioimagen.net\/index.php?rest_route=%2Fwp%2Fv2%2Ftags&post=614027"}],"curies":[{"name":"wp","href":"https:\/\/api.w.org\/{rel}","templated":true}]}}