{"id":614041,"date":"2024-03-25T00:02:43","date_gmt":"2024-03-25T06:02:43","guid":{"rendered":"https:\/\/www.diarioimagen.net\/?p=614041"},"modified":"2024-03-25T00:51:10","modified_gmt":"2024-03-25T06:51:10","slug":"se-suman-liderazgos-de-partidos-a-campana-politica-de-enrique-vargas-del-villar","status":"publish","type":"post","link":"https:\/\/www.diarioimagen.net\/?p=614041","title":{"rendered":"Se suman liderazgos de partidos a campa\u00f1a pol\u00edtica de Enrique Vargas del Villar"},"content":{"rendered":"<p>&nbsp;<\/p>\n<ul>\n<li><strong><em>Aspirante panista al Senado<\/em><\/strong><\/li>\n<\/ul>\n<p><strong>\u00a0<\/strong><\/p>\n<h6>Arturo Baena<\/h6>\n<p>&nbsp;<\/p>\n<div id=\"attachment_614166\" style=\"width: 470px\" class=\"wp-caption aligncenter\"><a href=\"https:\/\/www.diarioimagen.net\/?attachment_id=614166\" rel=\"attachment wp-att-614166\"><img loading=\"lazy\" decoding=\"async\" aria-describedby=\"caption-attachment-614166\" class=\"size-full wp-image-614166\" src=\"https:\/\/www.diarioimagen.net\/wp-content\/uploads\/2024\/03\/suman-liderazgos.jpg\" alt=\"\" width=\"460\" height=\"270\" \/><\/a><p id=\"caption-attachment-614166\" class=\"wp-caption-text\">La campa\u00f1a de Enrique Vargas del Villar, candidato panista al Senado de la Rep\u00fablica, suma liderazgos del Partido Verde Ecologista de M\u00e9xico, Nueva Alianza y Movimiento Ciudadano.<\/p><\/div>\n<p>&nbsp;<\/p>\n<p><strong>Valle de M\u00e9xico.\u2014<\/strong> L\u00edderes del Partido Verde Ecologista de M\u00e9xico, Nueva Alianza y Movimiento Ciudadano se suman a la campa\u00f1a de Enrique Vargas del Villar, candidato al Senado de la Rep\u00fablica, quien contin\u00faa recorriendo la entidad mexiquense en busca del voto del pr\u00f3ximo 2 de junio.<\/p>\n<p>En ese sentido, Jes\u00fas Le\u00f3n Candia, ex diputado local y ex regidor y Le\u00f3n Romero, coordinador de Uniones y Asociaciones de la coordinadora Intermunicipal de Ecolog\u00eda y ex regidor de Ixtapan de la Sal, informaron que en un primer bloque se adhieren 100 l\u00edderes del Estado de M\u00e9xico con m\u00e1s de 9 mil personas como parte de su estructura pol\u00edtica.<\/p>\n<p>Coincidieron en se\u00f1alar que luego de una revisi\u00f3n al trabajo y formaci\u00f3n de los candidatos y candidatas de los diferentes partidos pol\u00edticos, determinaron apoyar a Enrique Vargas en su camino al Senado, por ser la persona con mayor experiencia gubernamental, empresarial y pol\u00edtica para transformar al Estado de M\u00e9xico y mejorar los servicios de salud, educaci\u00f3n, atenci\u00f3n a grupos vulnerables, seguridad y ecolog\u00eda.<\/p>\n<p>Esta decisi\u00f3n, aseguraron, no es por motivos personales o ambiciones pol\u00edticas, sino por amor a M\u00e9xico y por las pr\u00f3ximas generaciones que necesitan un mejor futuro.\u00a0 \u201cEl compromiso es total, recorreremos cada rinc\u00f3n del Estado de M\u00e9xico con el mensaje de esperanza\u201d, destacaron.<\/p>\n<p>El candidato al Senado de la Rep\u00fablica por la alianza \u201cFuerza y Coraz\u00f3n por M\u00e9xico\u201d, Enrique Vargas del Villar, agradeci\u00f3 la confianza y el respaldo de mujeres y hombres de toda la entidad que han contribuido a la construcci\u00f3n de la vida democr\u00e1tica.<\/p>\n<p>Puntualiz\u00f3, que estamos en una campa\u00f1a ganadora, que recorre cada municipio de la entidad, en donde ha recibido el apoyo de la ciudadan\u00eda que le ha ofrecido su voto para evitar siga una pol\u00edtica de ocurrencias y destrucci\u00f3n.<\/p>\n","protected":false},"excerpt":{"rendered":"<p>L\u00edderes del Partido Verde Ecologista de M\u00e9xico, Nueva Alianza y Movimiento Ciudadano se suman a la campa\u00f1a de Enrique Vargas del Villar, candidato al Senado de la Rep\u00fablica, quien contin\u00faa recorriendo la entidad mexiquense en busca del voto del pr\u00f3ximo 2 de junio.<\/p>\n","protected":false},"author":3,"featured_media":614166,"comment_status":"open","ping_status":"open","sticky":false,"template":"","format":"standard","meta":{"_monsterinsights_skip_tracking":false,"_monsterinsights_sitenote_active":false,"_monsterinsights_sitenote_note":"","_monsterinsights_sitenote_category":0,"footnotes":""},"categories":[5],"tags":[6185,47218,34],"class_list":["post-614041","post","type-post","status-publish","format-standard","has-post-thumbnail","hentry","category-estado-de-mexico","tag-campana","tag-enrique-vargas-del-villar","tag-valle-de-mexico"],"_links":{"self":[{"href":"https:\/\/www.diarioimagen.net\/index.php?rest_route=\/wp\/v2\/posts\/614041","targetHints":{"allow":["GET"]}}],"collection":[{"href":"https:\/\/www.diarioimagen.net\/index.php?rest_route=\/wp\/v2\/posts"}],"about":[{"href":"https:\/\/www.diarioimagen.net\/index.php?rest_route=\/wp\/v2\/types\/post"}],"author":[{"embeddable":true,"href":"https:\/\/www.diarioimagen.net\/index.php?rest_route=\/wp\/v2\/users\/3"}],"replies":[{"embeddable":true,"href":"https:\/\/www.diarioimagen.net\/index.php?rest_route=%2Fwp%2Fv2%2Fcomments&post=614041"}],"version-history":[{"count":0,"href":"https:\/\/www.diarioimagen.net\/index.php?rest_route=\/wp\/v2\/posts\/614041\/revisions"}],"wp:featuredmedia":[{"embeddable":true,"href":"https:\/\/www.diarioimagen.net\/index.php?rest_route=\/wp\/v2\/media\/614166"}],"wp:attachment":[{"href":"https:\/\/www.diarioimagen.net\/index.php?rest_route=%2Fwp%2Fv2%2Fmedia&parent=614041"}],"wp:term":[{"taxonomy":"category","embeddable":true,"href":"https:\/\/www.diarioimagen.net\/index.php?rest_route=%2Fwp%2Fv2%2Fcategories&post=614041"},{"taxonomy":"post_tag","embeddable":true,"href":"https:\/\/www.diarioimagen.net\/index.php?rest_route=%2Fwp%2Fv2%2Ftags&post=614041"}],"curies":[{"name":"wp","href":"https:\/\/api.w.org\/{rel}","templated":true}]}}