{"id":614043,"date":"2024-03-25T00:04:07","date_gmt":"2024-03-25T06:04:07","guid":{"rendered":"https:\/\/www.diarioimagen.net\/?p=614043"},"modified":"2024-03-25T00:52:22","modified_gmt":"2024-03-25T06:52:22","slug":"luchemos-para-que-el-legado-de-colosio-continue-vivo-carlos-valdes-corona","status":"publish","type":"post","link":"https:\/\/www.diarioimagen.net\/?p=614043","title":{"rendered":"Luchemos para que el legado de Colosio contin\u00fae vivo: Carlos Vald\u00e9s Corona"},"content":{"rendered":"<p>&nbsp;<\/p>\n<ul>\n<li><em><strong>A 30 a\u00f1os de su muerte<\/strong><\/em><\/li>\n<\/ul>\n<p>&nbsp;<\/p>\n<div id=\"attachment_614170\" style=\"width: 470px\" class=\"wp-caption aligncenter\"><a href=\"https:\/\/www.diarioimagen.net\/?attachment_id=614170\" rel=\"attachment wp-att-614170\"><img loading=\"lazy\" decoding=\"async\" aria-describedby=\"caption-attachment-614170\" class=\"size-full wp-image-614170\" src=\"https:\/\/www.diarioimagen.net\/wp-content\/uploads\/2024\/03\/luchemos-para-que-legado.jpg\" alt=\"\" width=\"460\" height=\"270\" \/><\/a><p id=\"caption-attachment-614170\" class=\"wp-caption-text\">Carlos Vald\u00e9s Corona, dirigente municipal del PRI, llam\u00f3 a recuperar el M\u00e9xico con el que so\u00f1\u00f3 Luis Donaldo Colosio Murrieta,\u00a0 a 30 a\u00f1os de su muerte.<\/p><\/div>\n<p>&nbsp;<\/p>\n<p><strong>Naucalpan, Estado de M\u00e9xico.\u2014<\/strong> Hoy es el momento de recuperar el M\u00e9xico con el que so\u00f1\u00f3 Luis Donaldo Colosio Murrieta. A 30 a\u00f1os de su muerte, el pueblo sigue padeciendo hambre y sed de justicia, que el actual gobierno morenista le ha negado. Luchemos juntos para que el legado de Luis Donaldo, siga vivo.<\/p>\n<p>Asegur\u00f3 lo anterior, Carlos Vald\u00e9s Corona, dirigente municipal del PRI, al conmemorar un aniversario m\u00e1s del fallecimiento del ex candidato presidencial del PRI, ocurrido el 23 de marzo de 1994. \u201cM\u00e9xico sigue siendo un pa\u00eds de inequidades, de injusticia y sin un claro futuro de progreso. Pero hoy, como nunca, el gobierno federal es el principal impulsor de los desequilibrios, es el que divide y polariza, es el que ofende y enga\u00f1a, es el que nos hunde en mayores niveles de pobreza, de inseguridad y de incertidumbre\u201d, dijo Carlos Vald\u00e9s Corona.<\/p>\n<p>Ante decenas de priistas, el dirigente municipal del PRI en Naucalpan, record\u00f3 que \u201ca esos gobiernos que est\u00e1n instalados a nivel federal y estatal tenemos que decirles que a nosotros los priistas nos distinguen a\u00f1os de lucha, de trabajo, creando instituciones y construyendo el M\u00e9xico moderno que logr\u00f3 establecer hospitales, carreteras, presas, escuelas e instituciones electorales, que ahora desde la federaci\u00f3n est\u00e1n aniquilando\u201d, insisti\u00f3.<\/p>\n","protected":false},"excerpt":{"rendered":"<p>Hoy es el momento de recuperar el M\u00e9xico con el que so\u00f1\u00f3 Luis Donaldo Colosio Murrieta. A 30 a\u00f1os de su muerte, el pueblo sigue padeciendo hambre y sed de justicia, que el actual gobierno morenista le ha negado. Luchemos juntos para que el legado de Luis Donaldo, siga vivo.<\/p>\n","protected":false},"author":3,"featured_media":614170,"comment_status":"open","ping_status":"open","sticky":false,"template":"","format":"standard","meta":{"_monsterinsights_skip_tracking":false,"_monsterinsights_sitenote_active":false,"_monsterinsights_sitenote_note":"","_monsterinsights_sitenote_category":0,"footnotes":""},"categories":[5],"tags":[96215,43675,4263,970],"class_list":["post-614043","post","type-post","status-publish","format-standard","has-post-thumbnail","hentry","category-estado-de-mexico","tag-carlos-valdes-corona","tag-estado-de-mexico","tag-luis-donaldo-colosio-murrieta","tag-naucalpan"],"_links":{"self":[{"href":"https:\/\/www.diarioimagen.net\/index.php?rest_route=\/wp\/v2\/posts\/614043","targetHints":{"allow":["GET"]}}],"collection":[{"href":"https:\/\/www.diarioimagen.net\/index.php?rest_route=\/wp\/v2\/posts"}],"about":[{"href":"https:\/\/www.diarioimagen.net\/index.php?rest_route=\/wp\/v2\/types\/post"}],"author":[{"embeddable":true,"href":"https:\/\/www.diarioimagen.net\/index.php?rest_route=\/wp\/v2\/users\/3"}],"replies":[{"embeddable":true,"href":"https:\/\/www.diarioimagen.net\/index.php?rest_route=%2Fwp%2Fv2%2Fcomments&post=614043"}],"version-history":[{"count":0,"href":"https:\/\/www.diarioimagen.net\/index.php?rest_route=\/wp\/v2\/posts\/614043\/revisions"}],"wp:featuredmedia":[{"embeddable":true,"href":"https:\/\/www.diarioimagen.net\/index.php?rest_route=\/wp\/v2\/media\/614170"}],"wp:attachment":[{"href":"https:\/\/www.diarioimagen.net\/index.php?rest_route=%2Fwp%2Fv2%2Fmedia&parent=614043"}],"wp:term":[{"taxonomy":"category","embeddable":true,"href":"https:\/\/www.diarioimagen.net\/index.php?rest_route=%2Fwp%2Fv2%2Fcategories&post=614043"},{"taxonomy":"post_tag","embeddable":true,"href":"https:\/\/www.diarioimagen.net\/index.php?rest_route=%2Fwp%2Fv2%2Ftags&post=614043"}],"curies":[{"name":"wp","href":"https:\/\/api.w.org\/{rel}","templated":true}]}}