{"id":614051,"date":"2024-03-25T00:02:39","date_gmt":"2024-03-25T06:02:39","guid":{"rendered":"https:\/\/www.diarioimagen.net\/?p=614051"},"modified":"2024-03-25T23:35:51","modified_gmt":"2024-03-26T05:35:51","slug":"inflacion-repunta-mas-de-lo-esperado-en-la-primera-quincena-de-marzo-reporta-el-inegi","status":"publish","type":"post","link":"https:\/\/www.diarioimagen.net\/?p=614051","title":{"rendered":"Inflaci\u00f3n repunta m\u00e1s de lo esperado en la primera quincena de marzo, reporta el Inegi"},"content":{"rendered":"<p>&nbsp;<\/p>\n<ul>\n<li><em><strong>Luego de tres meses a la baja<\/strong><\/em><\/li>\n<\/ul>\n<p>&nbsp;<\/p>\n<div id=\"attachment_614136\" style=\"width: 470px\" class=\"wp-caption aligncenter\"><a href=\"https:\/\/www.diarioimagen.net\/?attachment_id=614136\" rel=\"attachment wp-att-614136\"><img loading=\"lazy\" decoding=\"async\" aria-describedby=\"caption-attachment-614136\" class=\"size-full wp-image-614136\" src=\"https:\/\/www.diarioimagen.net\/wp-content\/uploads\/2024\/03\/inflacion-repunta.jpg\" alt=\"\" width=\"460\" height=\"270\" \/><\/a><p id=\"caption-attachment-614136\" class=\"wp-caption-text\">Durante la primera quincena de marzo, la inflaci\u00f3n general en el pa\u00eds repunt\u00f3 a un nivel de 4.48 por ciento, el m\u00e1s alto desde la segunda mitad de enero.<\/p><\/div>\n<p>&nbsp;<\/p>\n<p>Luego de tres meses a la baja, la inflaci\u00f3n se ubic\u00f3 en un 4.48%, por arriba del 4.35% de la segunda mitad de febrero, aunque muy por debajo del r\u00e9cord m\u00e1ximo en m\u00e1s de dos d\u00e9cadas de un 8.77 por ciento que hab\u00eda tocado en 2022, inform\u00f3 el Inegi.<\/p>\n<p>La tasa de inflaci\u00f3n general anual en M\u00e9xico aceler\u00f3 en la primera quincena de marzo por encima de lo previsto, respaldando el argumento de que la reciente baja a la tasa clave de inter\u00e9s por parte del Banco de M\u00e9xico (Banxico) no ser\u00eda el inicio de un agresivo ciclo de recortes.<\/p>\n<p>El \u00cdndice Nacional de Precios al Consumidor (INPC) se ubic\u00f3 en un 4.48 por ciento, por arriba del 4.35 por ciento de la segunda mitad de febrero, aunque muy por debajo del r\u00e9cord m\u00e1ximo en m\u00e1s de dos d\u00e9cadas de un 8.77 por ciento que hab\u00eda tocado en 2022, inform\u00f3 el Instituto Nacional de Estad\u00edstica y Geograf\u00eda (Inegi). Analistas anticipaban una tasa del 4.45 por ciento.<\/p>\n<p>Por su parte, la inflaci\u00f3n subyacente -considerada un mejor par\u00e1metro para medir la trayectoria de los precios porque elimina productos de alta volatilidad- aceler\u00f3 inesperadamente a un 4.69 por ciento, en su segunda quincena seguida en ascenso.<\/p>\n<p>Banxico, que tiene una meta de inflaci\u00f3n del 3 por ciento, redujo el jueves su tasa referencial por primera vez desde que comenz\u00f3 su endurecimiento monetario a mediados de 2021, en una decisi\u00f3n que si bien estuvo dividida cumpli\u00f3 con las expectativas del mercado.<\/p>\n<p>En su aviso, la autoridad afirm\u00f3 que, pese al ajuste, la postura monetaria continuaba siendo restrictiva y advirti\u00f3 que en futuras decisiones tomar\u00eda en cuenta el panorama inflacionario y los retos que a\u00fan prevalecen, lo que fue interpretado por analistas como que este no ser\u00eda el inicio de un ciclo continuo de recortes.<\/p>\n<p>S\u00f3lo en los primeros 15 d\u00edas de marzo, los precios aumentaron un 0.27 por ciento, mientras que el \u00edndice subyacente arroj\u00f3 una tasa del 0.33 por ciento.<\/p>\n<p>Los rubros que m\u00e1s incrementos sufrieron en la quincena fueron el pollo, el transporte a\u00e9reo y los servicios tur\u00edsticos en paquete, mientras que la cebolla, el gas dom\u00e9stico LP y los nopales fueron los que m\u00e1s descendieron.<\/p>\n","protected":false},"excerpt":{"rendered":"<p>Luego de tres meses a la baja, la inflaci\u00f3n se ubic\u00f3 en un 4.48%, por arriba del 4.35% de la segunda mitad de febrero, aunque muy por debajo del r\u00e9cord m\u00e1ximo en m\u00e1s de dos d\u00e9cadas de un 8.77 por ciento que hab\u00eda tocado en 2022, inform\u00f3 el Inegi.<\/p>\n","protected":false},"author":3,"featured_media":614136,"comment_status":"open","ping_status":"open","sticky":false,"template":"","format":"standard","meta":{"_monsterinsights_skip_tracking":false,"_monsterinsights_sitenote_active":false,"_monsterinsights_sitenote_note":"","_monsterinsights_sitenote_category":0,"footnotes":""},"categories":[17,8],"tags":[43678,193,932,91548],"class_list":["post-614051","post","type-post","status-publish","format-standard","has-post-thumbnail","hentry","category-especiales","category-finanzas","tag-finanzas","tag-inegi","tag-inflacion","tag-repunta"],"_links":{"self":[{"href":"https:\/\/www.diarioimagen.net\/index.php?rest_route=\/wp\/v2\/posts\/614051","targetHints":{"allow":["GET"]}}],"collection":[{"href":"https:\/\/www.diarioimagen.net\/index.php?rest_route=\/wp\/v2\/posts"}],"about":[{"href":"https:\/\/www.diarioimagen.net\/index.php?rest_route=\/wp\/v2\/types\/post"}],"author":[{"embeddable":true,"href":"https:\/\/www.diarioimagen.net\/index.php?rest_route=\/wp\/v2\/users\/3"}],"replies":[{"embeddable":true,"href":"https:\/\/www.diarioimagen.net\/index.php?rest_route=%2Fwp%2Fv2%2Fcomments&post=614051"}],"version-history":[{"count":0,"href":"https:\/\/www.diarioimagen.net\/index.php?rest_route=\/wp\/v2\/posts\/614051\/revisions"}],"wp:featuredmedia":[{"embeddable":true,"href":"https:\/\/www.diarioimagen.net\/index.php?rest_route=\/wp\/v2\/media\/614136"}],"wp:attachment":[{"href":"https:\/\/www.diarioimagen.net\/index.php?rest_route=%2Fwp%2Fv2%2Fmedia&parent=614051"}],"wp:term":[{"taxonomy":"category","embeddable":true,"href":"https:\/\/www.diarioimagen.net\/index.php?rest_route=%2Fwp%2Fv2%2Fcategories&post=614051"},{"taxonomy":"post_tag","embeddable":true,"href":"https:\/\/www.diarioimagen.net\/index.php?rest_route=%2Fwp%2Fv2%2Ftags&post=614051"}],"curies":[{"name":"wp","href":"https:\/\/api.w.org\/{rel}","templated":true}]}}