{"id":614382,"date":"2024-03-27T00:03:34","date_gmt":"2024-03-27T06:03:34","guid":{"rendered":"https:\/\/www.diarioimagen.net\/?p=614382"},"modified":"2024-03-27T01:19:14","modified_gmt":"2024-03-27T07:19:14","slug":"respaldo-total-a-los-derechos-laborales-guillermo-fragoso-baez","status":"publish","type":"post","link":"https:\/\/www.diarioimagen.net\/?p=614382","title":{"rendered":"Respaldo total a los derechos laborales: Guillermo Fragoso B\u00e1ez"},"content":{"rendered":"<p>&nbsp;<\/p>\n<ul>\n<li><em><strong>Aniversario del Sindicato 25 de Marzo<\/strong><\/em><\/li>\n<\/ul>\n<p>&nbsp;<\/p>\n<div id=\"attachment_614496\" style=\"width: 470px\" class=\"wp-caption aligncenter\"><a href=\"https:\/\/www.diarioimagen.net\/?attachment_id=614496\" rel=\"attachment wp-att-614496\"><img loading=\"lazy\" decoding=\"async\" aria-describedby=\"caption-attachment-614496\" class=\"size-full wp-image-614496\" src=\"https:\/\/www.diarioimagen.net\/wp-content\/uploads\/2024\/03\/respaldo-total-derechos.jpg\" alt=\"\" width=\"460\" height=\"270\" \/><\/a><p id=\"caption-attachment-614496\" class=\"wp-caption-text\">Guillermo Fragoso afirm\u00f3 que la campa\u00f1a de intimidaci\u00f3n orquestada por un peque\u00f1o grupo \u201cpol\u00edtico\u201d de Ecatepec, no los detendr\u00e1 y seguir\u00e1n haciendo un trabajo honesto y de vanguardia.<\/p><\/div>\n<p>&nbsp;<\/p>\n<p><strong>Ecatepec, Estado de M\u00e9xico.\u2014<\/strong> Guillermo Fragoso B\u00e1ez, dirigente del \u201cSindicato Nacional 25 de Marzo\u201d, asegur\u00f3 que no permitir\u00e1 que su gremio sea extorsionado por nadie; \u201cnosotros lo \u00fanico que queremos, es trabajar de manera honesta\u201d, recalc\u00f3.<\/p>\n<p>Lo anterior, lo coment\u00f3 durante un evento masivo al que asistieron m\u00e1s de 15 mil personas para festejar el segundo aniversario de esa organizaci\u00f3n sindical, en donde el tambi\u00e9n dirigente de la Uni\u00f3n de Sindicatos y Organizaciones Nacionales de la Rep\u00fablica Mexicana, USON, refrend\u00f3 su compromiso de continuar luchando por los derechos de sus m\u00e1s de 650 mil agremiados a nivel nacional y m\u00e1s de 270 mil en el Estado de M\u00e9xico.<\/p>\n<p>Acompa\u00f1ado por Nazario Guti\u00e9rrez, diputado local por Morena, legisladoras, l\u00edderes y empresarios de toda la Rep\u00fablica Mexicana, Guillermo Fragoso afirm\u00f3 que la campa\u00f1a de intimidaci\u00f3n orquestada por un peque\u00f1o grupo \u201cpol\u00edtico\u201d de Ecatepec, no los detendr\u00e1 y seguir\u00e1n con m\u00e1s fuerza, haciendo un trabajo honesto y de vanguardia.<\/p>\n<p>Nuestra fuerza radica en nuestra gente , en nuestros miles de afiliados dedicados al transporte, al comercio, taxis, constructores, trabajadores, gaseros, choferes, recolectores de basura, entre otros, por eso somos si se meten con uno se meten con todos nosotros, recalc\u00f3.<\/p>\n<p>Tras expresar su benepl\u00e1cito por el firme camino en la consolidaci\u00f3n de esta organizaci\u00f3n, precis\u00f3 que hoy, a 2 a\u00f1os de distancia, hay sue\u00f1os hechos realidad y un inusitado fortalecimiento de su papel sindical.<\/p>\n<p>A\u00f1adi\u00f3 que aunque existen importantes retos por delante, dijo sentirse satisfecho por las metas concretadas en bien de la clase trabajadora.<\/p>\n<p>Detall\u00f3 que una de las cualidades del sindicato ha sido la innovaci\u00f3n y la inclusi\u00f3n, al afiliar a personas como comerciantes, gaseros, choferes, taxistas, recolectores de basura, entre otros.<\/p>\n","protected":false},"excerpt":{"rendered":"<p>Guillermo Fragoso B\u00e1ez, dirigente del \u201cSindicato Nacional 25 de Marzo\u201d, asegur\u00f3 que no permitir\u00e1 que su gremio sea extorsionado por nadie; \u201cnosotros lo \u00fanico que queremos, es trabajar de manera honesta\u201d, recalc\u00f3.<\/p>\n","protected":false},"author":3,"featured_media":614496,"comment_status":"open","ping_status":"open","sticky":false,"template":"","format":"standard","meta":{"_monsterinsights_skip_tracking":false,"_monsterinsights_sitenote_active":false,"_monsterinsights_sitenote_note":"","_monsterinsights_sitenote_category":0,"footnotes":""},"categories":[5],"tags":[21999,83490,99688],"class_list":["post-614382","post","type-post","status-publish","format-standard","has-post-thumbnail","hentry","category-estado-de-mexico","tag-aniversario","tag-sindicato","tag-sindicato-25-de-marzo"],"_links":{"self":[{"href":"https:\/\/www.diarioimagen.net\/index.php?rest_route=\/wp\/v2\/posts\/614382","targetHints":{"allow":["GET"]}}],"collection":[{"href":"https:\/\/www.diarioimagen.net\/index.php?rest_route=\/wp\/v2\/posts"}],"about":[{"href":"https:\/\/www.diarioimagen.net\/index.php?rest_route=\/wp\/v2\/types\/post"}],"author":[{"embeddable":true,"href":"https:\/\/www.diarioimagen.net\/index.php?rest_route=\/wp\/v2\/users\/3"}],"replies":[{"embeddable":true,"href":"https:\/\/www.diarioimagen.net\/index.php?rest_route=%2Fwp%2Fv2%2Fcomments&post=614382"}],"version-history":[{"count":0,"href":"https:\/\/www.diarioimagen.net\/index.php?rest_route=\/wp\/v2\/posts\/614382\/revisions"}],"wp:featuredmedia":[{"embeddable":true,"href":"https:\/\/www.diarioimagen.net\/index.php?rest_route=\/wp\/v2\/media\/614496"}],"wp:attachment":[{"href":"https:\/\/www.diarioimagen.net\/index.php?rest_route=%2Fwp%2Fv2%2Fmedia&parent=614382"}],"wp:term":[{"taxonomy":"category","embeddable":true,"href":"https:\/\/www.diarioimagen.net\/index.php?rest_route=%2Fwp%2Fv2%2Fcategories&post=614382"},{"taxonomy":"post_tag","embeddable":true,"href":"https:\/\/www.diarioimagen.net\/index.php?rest_route=%2Fwp%2Fv2%2Ftags&post=614382"}],"curies":[{"name":"wp","href":"https:\/\/api.w.org\/{rel}","templated":true}]}}