{"id":614384,"date":"2024-03-27T00:04:57","date_gmt":"2024-03-27T06:04:57","guid":{"rendered":"https:\/\/www.diarioimagen.net\/?p=614384"},"modified":"2024-03-27T01:19:44","modified_gmt":"2024-03-27T07:19:44","slug":"vamos-a-ganar-el-2-de-junio-ana-lilia-herrera-anzaldo","status":"publish","type":"post","link":"https:\/\/www.diarioimagen.net\/?p=614384","title":{"rendered":"Vamos a ganar el 2 de junio: Ana Lilia Herrera Anzaldo"},"content":{"rendered":"<p>&nbsp;<\/p>\n<p><a href=\"https:\/\/www.diarioimagen.net\/?attachment_id=614498\" rel=\"attachment wp-att-614498\"><img loading=\"lazy\" decoding=\"async\" class=\"aligncenter size-full wp-image-614498\" src=\"https:\/\/www.diarioimagen.net\/wp-content\/uploads\/2024\/03\/vamos-a-ganar.jpg\" alt=\"\" width=\"460\" height=\"270\" \/><\/a><\/p>\n<p>&nbsp;<\/p>\n<p><strong>Toluca, Estado de M\u00e9xico.\u2014<\/strong> Como en cada proceso electoral, el PRI esta\u0301 llamado a maximizar su voto para detener la amenaza de destrucci\u00f3n que tiene el pa\u00eds con el actual r\u00e9gimen y que, sin duda, no cumpli\u00f3 con el bienestar de la poblaci\u00f3n, aseguro\u0301 la presidenta del Comit\u00e9 Directivo Estatal (CDE), Ana Lilia Herrera Anzaldo.<\/p>\n<p>En sesi\u00f3n extraordinaria de la Comisi\u00f3n Pol\u00edtica Permanente, la dirigente estatal sostuvo que el priismo mexiquense se recupera en los momentos m\u00e1s complejos y marcha con una coalici\u00f3n que esta\u0301 construida para aumentar las fortalezas territoriales de cada partido pol\u00edtico. En este sentido, agradeci\u00f3 el respaldo del dirigente nacional del PRI, Alejandro Moreno, para avanzar en las negociaciones con los aliados.<\/p>\n<p>Al oficialismo le llego\u0301 un golpe de realidad con el rechazo ciudadano, la gente est\u00e1\u0301 cansada de la zozobra, de la amenaza de la inseguridad, la escasez de agua, el desmantelamiento de las instituciones, la falta de atenci\u00f3n m\u00e9dica y de la incertidumbre econ\u00f3mica que pulveriza cualquier aumento salarial, se\u00f1al\u00f3.<\/p>\n<p>\u201cVamos a una gran batalla, la entidad mexiquense y M\u00e9xico requiere de un PRI unido, activo y decidido a frenar el atraso que representa el oficialismo, salgamos a la calle a potenciar al partido, porque lo m\u00e1s importante en este momento es el pa\u00eds\u201d, subrayo\u0301 la l\u00edder priista.<\/p>\n","protected":false},"excerpt":{"rendered":"<p>Como en cada proceso electoral, el PRI esta\u0301 llamado a maximizar su voto para detener la amenaza de destrucci\u00f3n que tiene el pa\u00eds con el actual r\u00e9gimen y que, sin duda, no cumpli\u00f3 con el bienestar de la poblaci\u00f3n, aseguro\u0301 la presidenta del Comit\u00e9 Directivo Estatal (CDE), Ana Lilia Herrera Anzaldo.<\/p>\n","protected":false},"author":3,"featured_media":614498,"comment_status":"open","ping_status":"open","sticky":false,"template":"","format":"standard","meta":{"_monsterinsights_skip_tracking":false,"_monsterinsights_sitenote_active":false,"_monsterinsights_sitenote_note":"","_monsterinsights_sitenote_category":0,"footnotes":""},"categories":[5],"tags":[3314,798,72791],"class_list":["post-614384","post","type-post","status-publish","format-standard","has-post-thumbnail","hentry","category-estado-de-mexico","tag-ana-lilia-herrera-anzaldo","tag-elecciones","tag-ganar"],"_links":{"self":[{"href":"https:\/\/www.diarioimagen.net\/index.php?rest_route=\/wp\/v2\/posts\/614384","targetHints":{"allow":["GET"]}}],"collection":[{"href":"https:\/\/www.diarioimagen.net\/index.php?rest_route=\/wp\/v2\/posts"}],"about":[{"href":"https:\/\/www.diarioimagen.net\/index.php?rest_route=\/wp\/v2\/types\/post"}],"author":[{"embeddable":true,"href":"https:\/\/www.diarioimagen.net\/index.php?rest_route=\/wp\/v2\/users\/3"}],"replies":[{"embeddable":true,"href":"https:\/\/www.diarioimagen.net\/index.php?rest_route=%2Fwp%2Fv2%2Fcomments&post=614384"}],"version-history":[{"count":0,"href":"https:\/\/www.diarioimagen.net\/index.php?rest_route=\/wp\/v2\/posts\/614384\/revisions"}],"wp:featuredmedia":[{"embeddable":true,"href":"https:\/\/www.diarioimagen.net\/index.php?rest_route=\/wp\/v2\/media\/614498"}],"wp:attachment":[{"href":"https:\/\/www.diarioimagen.net\/index.php?rest_route=%2Fwp%2Fv2%2Fmedia&parent=614384"}],"wp:term":[{"taxonomy":"category","embeddable":true,"href":"https:\/\/www.diarioimagen.net\/index.php?rest_route=%2Fwp%2Fv2%2Fcategories&post=614384"},{"taxonomy":"post_tag","embeddable":true,"href":"https:\/\/www.diarioimagen.net\/index.php?rest_route=%2Fwp%2Fv2%2Ftags&post=614384"}],"curies":[{"name":"wp","href":"https:\/\/api.w.org\/{rel}","templated":true}]}}