{"id":614427,"date":"2024-03-27T00:04:46","date_gmt":"2024-03-27T06:04:46","guid":{"rendered":"https:\/\/www.diarioimagen.net\/?p=614427"},"modified":"2024-03-26T22:50:17","modified_gmt":"2024-03-27T04:50:17","slug":"dos-melodias-macabras","status":"publish","type":"post","link":"https:\/\/www.diarioimagen.net\/?p=614427","title":{"rendered":"Dos melod\u00edas macabras"},"content":{"rendered":"<h2>De pe a pa<\/h2>\n<h5>Alberto Vieyra G.<\/h5>\n<p>&nbsp;<\/p>\n<p><em>El limoncito<\/em> y <em>La culebra<\/em> tienen el sello de lo sucio, lo tenebroso y macabro que ha sido hist\u00f3ricamente en M\u00e9xico la lucha por la silla presidencial.<\/p>\n<p>Eran las 2:00 de la tarde de aqu\u00e9l 17 de julio de 1928, en el restaurante del parque \u201cLa Bombilla\u201d, en la capital de M\u00e9xico donde acompasadamente una orquesta de m\u00e1s de 20 m\u00fasicos que interpretaban la melod\u00eda <em>El limoncito<\/em> y la plana mayor de diputados locales de Guanajuato ofrec\u00edan una comida al reelecto presidente de M\u00e9xico, \u00c1lvaro Obreg\u00f3n Salido. Inesperadamente, un joven caricaturista flaco de nombre Jos\u00e9 de Le\u00f3n Toral, apareci\u00f3 haciendo dibujos caricaturescos a los diputados guanajuatenses. Hab\u00eda carcajadas cada vez que terminaba una caricatura. Por \u00faltimo, el caricaturista se ubic\u00f3 frente al lugar donde com\u00eda el presidente electo \u00c1lvaro Obreg\u00f3n Salido, se mov\u00eda ese joven buscando un \u00e1ngulo, luego de frente e iba hac\u00eda el otro \u00e1ngulo. Se acerco m\u00e1s y m\u00e1s y de pronto, de aquella mochila de pinceles sac\u00f3 una pistola y la descarg\u00f3 contra el presidente, con 6 impactos de bala.<\/p>\n<p>Por aquellos d\u00edas corr\u00edan fuertes rumores de que \u00c1lvaro Obreg\u00f3n ser\u00eda v\u00edctima de un atentado, pero \u00e9l hizo como que la virgen le hablaba y lleg\u00f3 a \u201cLa Bombilla\u201d donde fue casado.<\/p>\n<p>La pistola usada por Le\u00f3n Toral hab\u00eda sido velada la noche anterior en la casa de la c\u00e9lebre monja Concepci\u00f3n Acevedo de la Llata, quien junto con otros cl\u00e9rigos de la iglesia cat\u00f3lica urdieron la macabra conspiraci\u00f3n para despacharse al otro patio a quien hab\u00eda dado muestras de su autoritarismo contra el clero cat\u00f3lico.<\/p>\n<p>Luego, 66 a\u00f1os despu\u00e9s ocurrir\u00eda en M\u00e9xico otro singular arrebato de poder contra el candidato presidencial del PRI, Luis Donaldo Colosio Murrieta. La campa\u00f1a electoral comenzar\u00eda en medio de un enorme desasosiego pol\u00edtico y social. Se desconoce si el entonces presidente Carlos Salinas olvid\u00f3 o lo hizo a prop\u00f3sito de se\u00f1alar con su dedo \u00edndice a Luis Donaldo como su sucesor, sin antes haber hecho que dos o tres prominentes prospectos que estaban en la baraja presidencial renunciar\u00e1n a sus cargos para convertirse en el repuesto del candidato presidencial inicial, ante un posible arrebato del poder o enfermedad.<\/p>\n<p>Desde que Luis Donaldo Colosio fue destapado, s\u00f3lo quedaba un hombre insignificante que podr\u00eda sustituirlo Ernesto Zedillo Ponce de Le\u00f3n, encargado de coordinar la campa\u00f1a del ungido.<\/p>\n<p>Zedillo no era de la gracia de Carlos Salinas. La turbulencia pol\u00edtica aumentaba. Queriendo acallarla Salinas nombr\u00f3 a Manuel Camacho Sol\u00eds de quien se cre\u00eda que ser\u00eda el futuro tlatoani de M\u00e9xico y lo env\u00edo como pacificador en Chiapas donde el 1 de diciembre estall\u00f3 el movimiento armado zapatista como una protesta del imperio europeo contra la celebraci\u00f3n del Tratado de Libre Comercio entre M\u00e9xico, Estados Unidos y Canad\u00e1.<\/p>\n<p>El mensaje que daba Salinas de Gortari era que M\u00e9xico ya estaba en las ligas mayores en materia comercial y econ\u00f3mica, pero los zapatistas le recordaban que en Chiapas hab\u00eda y sigue habiendo un indigenismo abandonado a su suerte y a merced de caciques y ahora de las bandas criminales.<\/p>\n<p>Manuel Camacho iniciar\u00eda lo que dio en llamarse la campa\u00f1a contra la campa\u00f1a y Salinas se ver\u00eda obligado a declarar \u201cno se hagan bolas, el candidato es Luis Donaldo\u201d, a quien todo le sal\u00eda mal. Hasta las palomas de la paz se le desplomaban y en su gira por La Paz, Baja California Sur al montar una guardia de honor en la rotonda de los hombres ilustres, Colosio fue captado por un h\u00e1bil fot\u00f3grafo de <em>Excelsior<\/em> con l\u00e1grimas en los ojos. Ese d\u00eda volar\u00eda a Lomas Taurinas, Tijuana aquel\u00a0 23 de marzo de 1994, donde ser\u00eda recibido en la \u201cratonera\u201d al ritmo de <em>La culebra<\/em>, hace ya 30 a\u00f1os, el resto de la historia es por dem\u00e1s conocida.<\/p>\n<p>Esa noche, este \u00e1tomo de la comunicaci\u00f3n y dem\u00e1s periodistas que cubr\u00edamos su campa\u00f1a regresamos a la Ciudad de M\u00e9xico con el candidato presidencial muerto en la panza del avi\u00f3n Emiliano Zapata de la Fuerza A\u00e9rea Mexicana.<\/p>\n<p>\u00bfQui\u00e9n lo asesino? \u00bfPor qu\u00e9 lo cuidaban m\u00e1s de 100 hombres? \u00bfQu\u00e9 la narco-pol\u00edtica o fue un crimen de Estado y que todos los caminos conduc\u00edan a Los Pinos? Y \u00bfPor qu\u00e9 ahora a la se\u00f1ora Claudia Sheinbaum la cuidan m\u00e1s de 200 personas? Son preguntas que quedan vivas despu\u00e9s de un crimen de Estado.<\/p>\n<p><em><a href=\"mailto:info@agenciamn.com\" target=\"_blank\" rel=\"noopener noreferrer\">info@agenciamn.com<\/a><\/em><\/p>\n","protected":false},"excerpt":{"rendered":"<p><span style=\"color: #005497;\"><strong>Alberto Vieyra G.<\/strong><\/span><\/p>\n","protected":false},"author":3,"featured_media":0,"comment_status":"open","ping_status":"open","sticky":false,"template":"","format":"standard","meta":{"_monsterinsights_skip_tracking":false,"_monsterinsights_sitenote_active":false,"_monsterinsights_sitenote_note":"","_monsterinsights_sitenote_category":0,"footnotes":""},"categories":[4596],"tags":[43697,4597,43674],"class_list":["post-614427","post","type-post","status-publish","format-standard","hentry","category-alberto-vieyra-g","tag-alberto-vieyra-g","tag-de-pe-a-pa","tag-opinion"],"_links":{"self":[{"href":"https:\/\/www.diarioimagen.net\/index.php?rest_route=\/wp\/v2\/posts\/614427","targetHints":{"allow":["GET"]}}],"collection":[{"href":"https:\/\/www.diarioimagen.net\/index.php?rest_route=\/wp\/v2\/posts"}],"about":[{"href":"https:\/\/www.diarioimagen.net\/index.php?rest_route=\/wp\/v2\/types\/post"}],"author":[{"embeddable":true,"href":"https:\/\/www.diarioimagen.net\/index.php?rest_route=\/wp\/v2\/users\/3"}],"replies":[{"embeddable":true,"href":"https:\/\/www.diarioimagen.net\/index.php?rest_route=%2Fwp%2Fv2%2Fcomments&post=614427"}],"version-history":[{"count":0,"href":"https:\/\/www.diarioimagen.net\/index.php?rest_route=\/wp\/v2\/posts\/614427\/revisions"}],"wp:attachment":[{"href":"https:\/\/www.diarioimagen.net\/index.php?rest_route=%2Fwp%2Fv2%2Fmedia&parent=614427"}],"wp:term":[{"taxonomy":"category","embeddable":true,"href":"https:\/\/www.diarioimagen.net\/index.php?rest_route=%2Fwp%2Fv2%2Fcategories&post=614427"},{"taxonomy":"post_tag","embeddable":true,"href":"https:\/\/www.diarioimagen.net\/index.php?rest_route=%2Fwp%2Fv2%2Ftags&post=614427"}],"curies":[{"name":"wp","href":"https:\/\/api.w.org\/{rel}","templated":true}]}}