{"id":614437,"date":"2024-03-27T00:03:14","date_gmt":"2024-03-27T06:03:14","guid":{"rendered":"https:\/\/www.diarioimagen.net\/?p=614437"},"modified":"2024-03-27T01:54:50","modified_gmt":"2024-03-27T07:54:50","slug":"pena-ayotzinapa-43-victimas-amlo-ciudad-juarez-40-muertos","status":"publish","type":"post","link":"https:\/\/www.diarioimagen.net\/?p=614437","title":{"rendered":"Pe\u00f1a: Ayotzinapa, 43 v\u00edctimas; AMLO: Ciudad Ju\u00e1rez, 40 muertos"},"content":{"rendered":"<h2>Espacio Electoral<\/h2>\n<h5>Eleazar Flores<\/h5>\n<p>&nbsp;<\/p>\n<p><strong>PRIMER ANIVERSARIO\u2026Y NADA-.<\/strong> A un a\u00f1o del dram\u00e1tico suceso en instalaciones oficiales de Migraci\u00f3n en Ciudad Ju\u00e1rez, donde fallecieron 40 personas de varias nacionalidades y 37 m\u00e1s resultaron lesionadas, el gobierno cuatrotero no esclareci\u00f3 nada.<\/p>\n<p>Incluso, el comisionado del Instituto Nacional de Migraci\u00f3n, Francisco Gardu\u00f1o Y\u00e1\u00f1ez, flamante licenciado y doctor por la Universidad del Distrito Federal, literalmente se escondi\u00f3 durante la primera semana despu\u00e9s del suceso y cuando enfrent\u00f3 a los medios, debidamente asesorado, respondi\u00f3 que el \u201cdorm\u00eda tranquilo\u201d no obstante su (i)responsabilidad manifiesta.<\/p>\n<p>En remembranza, las instalaciones del Instituto Nacional de Migraci\u00f3n albergaban a decenas de migrantes en condiciones infrahumanas, y por si fuera poco, hab\u00edan sido literalmente encerradas, ante la desesperanza y gritos sin respuesta\u00a0 de parte de los empleados, ALGUIEN INCENDI\u00d3 art\u00edculos de algod\u00f3n de f\u00e1cil expansi\u00f3n \u00edgnea.<\/p>\n<p>Los empleados de Migraci\u00f3n, lejos de apoyar a los internos, pusieron\u00a0 candados a las puertas y se fueron, ocasionando que muchos internos murieran quemados.<\/p>\n<p>Vinieron reclamos nacionales e incluso internacionales, totalmente justificados, con la promesa del comandante guinda de investigar hasta las \u00faltimas consecuencias y castigar a los culpables, pero remover al responsable visible jam\u00e1s; tanto, que el doctor Francisco Gardu\u00f1o Y\u00e1\u00f1ez, con evidente respaldo presidencial, empez\u00f3 a salir y declarar a los medios, olvidando su escondite inicial.<\/p>\n<p>Conste que el incendio y fallecimiento de 40 migrantes y una treintena de lesionados, se registr\u00f3 en instalaciones oficiales del gobierno en Ciudad Ju\u00e1rez.<\/p>\n<p><strong>AYOTZINAPA-.<\/strong> El caso registrado el 26 de septiembre de 2014, segundo a\u00f1o del sexenio del presidente Enrique Pe\u00f1a Nieto, sucedi\u00f3 fuera de instalaciones oficiales, pero el actual gobierno federal sigue buscando \u2014y qu\u00e9 bueno que lo haga\u2014, al o a los culpables y en un af\u00e1n por desacreditar investigaciones primigenias, ahora cree m\u00e1s a TESTIGOS PROTEGIDOS, que ya hab\u00edan aceptaron su culpabilidad.<\/p>\n<p>Tanto aceptaron su culpabilidad que fueron encarcelados, pero las cosas han cambiado diametralmente, que ahora muchos ya gozan de libertad, todo con tal de destruir la VERDAD HIST\u00d3RICA, que tiene privado de la libertad al ex procurador Jes\u00fas Murillo Karam, cuyo pecado evidente fue declararse CANSADO de tantas preguntas planteadas en conferencia de prensa.<\/p>\n<p>Pero la salud depauperada del jurista hidalguense dista mucho de la que goza el cincuent\u00f3n Emilio Lozoya, ex director de Pemex, quien disfruta de libertad condicional en casita\u2026sin duda que hay niveles afectivos.<\/p>\n<p>En cuanto al caso de las cuarenta personas fallecidas en Ciudad Ju\u00e1rez, seguro que habr\u00e1 amnesia oficial, no obstante el recuerdo hasta del obispo Jos\u00e9 Guadalupe Torres, quien ofici\u00f3 una misa en el lugar de los fat\u00eddicos hechos, pidiendo justamente NO OLVIDARLO.<\/p>\n<p>&nbsp;<\/p>\n<blockquote><p>Acorde al sentimiento presidencial CRISTIANO, este espacio \u2014y usted tambi\u00e9n\u2014 descansar\u00e1 para concentrarse en la Biblia, texto citado tambi\u00e9n por ya sabe qui\u00e9n. Volvemos el lunes.<\/p><\/blockquote>\n<p>&nbsp;<\/p>\n<p><em><a href=\"mailto:elefa44@gmail.com\" target=\"_blank\" rel=\"noopener noreferrer\">elefa44@gmail.com<\/a><\/em><\/p>\n","protected":false},"excerpt":{"rendered":"<p><span style=\"color: #005497;\"><strong>Eleazar Flores<\/strong><\/span><\/p>\n","protected":false},"author":3,"featured_media":0,"comment_status":"open","ping_status":"open","sticky":false,"template":"","format":"standard","meta":{"_monsterinsights_skip_tracking":false,"_monsterinsights_sitenote_active":false,"_monsterinsights_sitenote_note":"","_monsterinsights_sitenote_category":0,"footnotes":""},"categories":[81743],"tags":[81744,81776,43674],"class_list":["post-614437","post","type-post","status-publish","format-standard","hentry","category-eleazar-flores","tag-eleazar-flores","tag-espacio-electoral","tag-opinion"],"_links":{"self":[{"href":"https:\/\/www.diarioimagen.net\/index.php?rest_route=\/wp\/v2\/posts\/614437","targetHints":{"allow":["GET"]}}],"collection":[{"href":"https:\/\/www.diarioimagen.net\/index.php?rest_route=\/wp\/v2\/posts"}],"about":[{"href":"https:\/\/www.diarioimagen.net\/index.php?rest_route=\/wp\/v2\/types\/post"}],"author":[{"embeddable":true,"href":"https:\/\/www.diarioimagen.net\/index.php?rest_route=\/wp\/v2\/users\/3"}],"replies":[{"embeddable":true,"href":"https:\/\/www.diarioimagen.net\/index.php?rest_route=%2Fwp%2Fv2%2Fcomments&post=614437"}],"version-history":[{"count":0,"href":"https:\/\/www.diarioimagen.net\/index.php?rest_route=\/wp\/v2\/posts\/614437\/revisions"}],"wp:attachment":[{"href":"https:\/\/www.diarioimagen.net\/index.php?rest_route=%2Fwp%2Fv2%2Fmedia&parent=614437"}],"wp:term":[{"taxonomy":"category","embeddable":true,"href":"https:\/\/www.diarioimagen.net\/index.php?rest_route=%2Fwp%2Fv2%2Fcategories&post=614437"},{"taxonomy":"post_tag","embeddable":true,"href":"https:\/\/www.diarioimagen.net\/index.php?rest_route=%2Fwp%2Fv2%2Ftags&post=614437"}],"curies":[{"name":"wp","href":"https:\/\/api.w.org\/{rel}","templated":true}]}}