{"id":614564,"date":"2024-04-01T00:04:45","date_gmt":"2024-04-01T06:04:45","guid":{"rendered":"https:\/\/www.diarioimagen.net\/?p=614564"},"modified":"2024-04-01T00:14:34","modified_gmt":"2024-04-01T06:14:34","slug":"sanciones-mas-severas-para-quienes-originen-incendios-plantean-diputados","status":"publish","type":"post","link":"https:\/\/www.diarioimagen.net\/?p=614564","title":{"rendered":"Sanciones m\u00e1s severas para quienes originen incendios, plantean diputados"},"content":{"rendered":"<p>&nbsp;<\/p>\n<ul>\n<li><em><strong>Piden mayor coordinaci\u00f3n entre gobiernos<\/strong><\/em><\/li>\n<\/ul>\n<p>&nbsp;<\/p>\n<h6>Arturo Baena<\/h6>\n<p>&nbsp;<\/p>\n<div id=\"attachment_614663\" style=\"width: 470px\" class=\"wp-caption aligncenter\"><a href=\"https:\/\/www.diarioimagen.net\/?attachment_id=614663\" rel=\"attachment wp-att-614663\"><img loading=\"lazy\" decoding=\"async\" aria-describedby=\"caption-attachment-614663\" class=\"size-full wp-image-614663\" src=\"https:\/\/www.diarioimagen.net\/wp-content\/uploads\/2024\/04\/sanciones-mas-severas.jpg\" alt=\"\" width=\"460\" height=\"270\" \/><\/a><p id=\"caption-attachment-614663\" class=\"wp-caption-text\">Diputados se pronunciaron por mejorar la coordinaci\u00f3n para prevenir y atender de manera eficaz los incendios, adem\u00e1s de sancionar severamente a quienes los provoquen.<\/p><\/div>\n<p>&nbsp;<\/p>\n<p><strong>Valle de M\u00e9xico.\u2014<\/strong> Tras los graves incendios registrados en la entidad mexiquense y que han devastado m\u00e1s de 600 hect\u00e1reas de zonas boscosas, es necesario que exista una verdadera coordinaci\u00f3n entre los tres \u00f3rdenes de gobierno y haya mayores sanciones para quienes provoquen siniestros.<\/p>\n<p>As\u00ed coincidieron los diputados Azucena Cisneros, Faustino de la Cruz, Camilo Murillo y Ra\u00fal Ponce, quienes se pronunciaron por mejorar la coordinaci\u00f3n entre los tres niveles de gobierno para prevenir y atender de manera eficaz estos incidentes, adem\u00e1s de sancionar severamente a quienes los provoquen. De acuerdo con la Protectora de Bosques del Estado de M\u00e9xico, en d\u00edas recientes se registraron al menos 19 incendios en zonas boscosas en los municipios de Amecameca, Texcoco, Zumpahuac\u00e1n, Timilpan, Ocuilan, Tenango del Valle, Tenancingo y Nicol\u00e1s Romero.<\/p>\n<p>En este sentido, la legisladora Azucena Cisneros conden\u00f3 aquellos casos en donde las llamas han sido provocadas en cerros y bosques, pues ello est\u00e1 generando gran impacto ambiental que deriva en contingencias y el severo da\u00f1o a las zonas boscosas, por lo que hace falta modificar las pol\u00edticas ambientales en la materia.<\/p>\n<p>\u201cTiene que ser m\u00e1s punitivo el tema de los incendios forestales que sean provocados, eso genera un impacto terrible en la atm\u00f3sfera, que lleva a contingencias, tendr\u00eda que ser parte de una pol\u00edtica p\u00fablica permanente, tenemos que irlo perfilando\u201d, dijo.<\/p>\n<p>Y consider\u00f3 que ha faltado una coordinaci\u00f3n efectiva entre los tres niveles de gobierno en el rubro de la prevenci\u00f3n, y en el combate para fortalecer los cuerpos de bomberos y protecci\u00f3n civil encargados de atender los incendios.<\/p>\n","protected":false},"excerpt":{"rendered":"<p>Tras los graves incendios registrados en la entidad mexiquense y que han devastado m\u00e1s de 600 hect\u00e1reas de zonas boscosas, es necesario que exista una verdadera coordinaci\u00f3n entre los tres \u00f3rdenes de gobierno y haya mayores sanciones para quienes provoquen siniestros.<\/p>\n","protected":false},"author":3,"featured_media":614663,"comment_status":"open","ping_status":"open","sticky":false,"template":"","format":"standard","meta":{"_monsterinsights_skip_tracking":false,"_monsterinsights_sitenote_active":false,"_monsterinsights_sitenote_note":"","_monsterinsights_sitenote_category":0,"footnotes":""},"categories":[5],"tags":[10465,2967,99700,34],"class_list":["post-614564","post","type-post","status-publish","format-standard","has-post-thumbnail","hentry","category-estado-de-mexico","tag-incendios","tag-sanciones","tag-severas","tag-valle-de-mexico"],"_links":{"self":[{"href":"https:\/\/www.diarioimagen.net\/index.php?rest_route=\/wp\/v2\/posts\/614564","targetHints":{"allow":["GET"]}}],"collection":[{"href":"https:\/\/www.diarioimagen.net\/index.php?rest_route=\/wp\/v2\/posts"}],"about":[{"href":"https:\/\/www.diarioimagen.net\/index.php?rest_route=\/wp\/v2\/types\/post"}],"author":[{"embeddable":true,"href":"https:\/\/www.diarioimagen.net\/index.php?rest_route=\/wp\/v2\/users\/3"}],"replies":[{"embeddable":true,"href":"https:\/\/www.diarioimagen.net\/index.php?rest_route=%2Fwp%2Fv2%2Fcomments&post=614564"}],"version-history":[{"count":0,"href":"https:\/\/www.diarioimagen.net\/index.php?rest_route=\/wp\/v2\/posts\/614564\/revisions"}],"wp:featuredmedia":[{"embeddable":true,"href":"https:\/\/www.diarioimagen.net\/index.php?rest_route=\/wp\/v2\/media\/614663"}],"wp:attachment":[{"href":"https:\/\/www.diarioimagen.net\/index.php?rest_route=%2Fwp%2Fv2%2Fmedia&parent=614564"}],"wp:term":[{"taxonomy":"category","embeddable":true,"href":"https:\/\/www.diarioimagen.net\/index.php?rest_route=%2Fwp%2Fv2%2Fcategories&post=614564"},{"taxonomy":"post_tag","embeddable":true,"href":"https:\/\/www.diarioimagen.net\/index.php?rest_route=%2Fwp%2Fv2%2Ftags&post=614564"}],"curies":[{"name":"wp","href":"https:\/\/api.w.org\/{rel}","templated":true}]}}