{"id":614572,"date":"2024-04-01T00:01:02","date_gmt":"2024-04-01T06:01:02","guid":{"rendered":"https:\/\/www.diarioimagen.net\/?p=614572"},"modified":"2024-04-01T00:13:15","modified_gmt":"2024-04-01T06:13:15","slug":"va-pvem-contra-de-inmobiliarias-que-provoquen-incendios-para-cambiar-uso-de-suelo","status":"publish","type":"post","link":"https:\/\/www.diarioimagen.net\/?p=614572","title":{"rendered":"Va PVEM contra de inmobiliarias que provoquen incendios para cambiar uso de suelo"},"content":{"rendered":"<p>&nbsp;<\/p>\n<p><a href=\"https:\/\/www.diarioimagen.net\/?attachment_id=614659\" rel=\"attachment wp-att-614659\"><img loading=\"lazy\" decoding=\"async\" class=\"aligncenter size-full wp-image-614659\" src=\"https:\/\/www.diarioimagen.net\/wp-content\/uploads\/2024\/04\/va-pvem.jpg\" alt=\"\" width=\"460\" height=\"270\" \/><\/a><\/p>\n<p>&nbsp;<\/p>\n<p><strong>Toluca, Estado de M\u00e9xico.\u2014 <\/strong>El Grupo Parlamentario del Partido Verde Ecologista de M\u00e9xico (PVEM) de la LXI Legislatura del Estado de M\u00e9xico presentar\u00e1 una iniciativa para contrarrestar incendios en predios provocados por inmobiliarias \u201cirresponsables\u201d, cuya finalidad sea cambiar su uso de suelo.<\/p>\n<p>As\u00ed lo adelant\u00f3 en redes sociales su dirigente estatal, Jos\u00e9 Alberto Couttolenc Buentello quien lament\u00f3 que \u201cmuchos (de estos siniestros) son derivados de descuidos que les pido por favor hay que reforzar los esfuerzos para cuidar nuestros bosques, pero hay otros, y estos enojan mucho m\u00e1s, que son provocados por empresarios mezquinos que no quieren al estado de M\u00e9xico y que solo ven sus propios intereses\u201d.<\/p>\n<p>Por medio de un video, el l\u00edder estatal del Verde dirigi\u00f3 un mensaje a este sector puntualizando que no tolerar\u00e1n los actos, por lo que esta semana presentar\u00e1n la iniciativa para eliminar cualquier posibilidad de cometer estas acciones.<\/p>\n","protected":false},"excerpt":{"rendered":"<p>El Grupo Parlamentario del Partido Verde Ecologista de M\u00e9xico (PVEM) de la LXI Legislatura del Estado de M\u00e9xico presentar\u00e1 una iniciativa para contrarrestar incendios en predios provocados por inmobiliarias \u201cirresponsables\u201d, cuya finalidad sea cambiar su uso de suelo.<\/p>\n","protected":false},"author":3,"featured_media":614659,"comment_status":"open","ping_status":"open","sticky":false,"template":"","format":"standard","meta":{"_monsterinsights_skip_tracking":false,"_monsterinsights_sitenote_active":false,"_monsterinsights_sitenote_note":"","_monsterinsights_sitenote_category":0,"footnotes":""},"categories":[5],"tags":[86226,43675,95666,89531,452],"class_list":["post-614572","post","type-post","status-publish","format-standard","has-post-thumbnail","hentry","category-estado-de-mexico","tag-cambiar","tag-estado-de-mexico","tag-jose-alberto-couttolenc-buentello","tag-suelo","tag-toluca"],"_links":{"self":[{"href":"https:\/\/www.diarioimagen.net\/index.php?rest_route=\/wp\/v2\/posts\/614572","targetHints":{"allow":["GET"]}}],"collection":[{"href":"https:\/\/www.diarioimagen.net\/index.php?rest_route=\/wp\/v2\/posts"}],"about":[{"href":"https:\/\/www.diarioimagen.net\/index.php?rest_route=\/wp\/v2\/types\/post"}],"author":[{"embeddable":true,"href":"https:\/\/www.diarioimagen.net\/index.php?rest_route=\/wp\/v2\/users\/3"}],"replies":[{"embeddable":true,"href":"https:\/\/www.diarioimagen.net\/index.php?rest_route=%2Fwp%2Fv2%2Fcomments&post=614572"}],"version-history":[{"count":0,"href":"https:\/\/www.diarioimagen.net\/index.php?rest_route=\/wp\/v2\/posts\/614572\/revisions"}],"wp:featuredmedia":[{"embeddable":true,"href":"https:\/\/www.diarioimagen.net\/index.php?rest_route=\/wp\/v2\/media\/614659"}],"wp:attachment":[{"href":"https:\/\/www.diarioimagen.net\/index.php?rest_route=%2Fwp%2Fv2%2Fmedia&parent=614572"}],"wp:term":[{"taxonomy":"category","embeddable":true,"href":"https:\/\/www.diarioimagen.net\/index.php?rest_route=%2Fwp%2Fv2%2Fcategories&post=614572"},{"taxonomy":"post_tag","embeddable":true,"href":"https:\/\/www.diarioimagen.net\/index.php?rest_route=%2Fwp%2Fv2%2Ftags&post=614572"}],"curies":[{"name":"wp","href":"https:\/\/api.w.org\/{rel}","templated":true}]}}