{"id":614706,"date":"2024-04-02T00:03:20","date_gmt":"2024-04-02T06:03:20","guid":{"rendered":"https:\/\/www.diarioimagen.net\/?p=614706"},"modified":"2024-04-02T00:59:00","modified_gmt":"2024-04-02T06:59:00","slug":"juntos-con-fuerza-y-corazon-vamos-a-recuperar-la-paz-afirma-ursula-cortes-fernandez","status":"publish","type":"post","link":"https:\/\/www.diarioimagen.net\/?p=614706","title":{"rendered":"Juntos, con Fuerza y Coraz\u00f3n, vamos a recuperar la paz, afirma \u00darsula Cort\u00e9s Fern\u00e1ndez"},"content":{"rendered":"<p>&nbsp;<\/p>\n<ul>\n<li><em><strong>Buena aceptaci\u00f3n de las familias naucalpenses<\/strong><\/em><\/li>\n<\/ul>\n<p>&nbsp;<\/p>\n<h6>Arturo Baena<\/h6>\n<p>&nbsp;<\/p>\n<div id=\"attachment_614767\" style=\"width: 470px\" class=\"wp-caption aligncenter\"><a href=\"https:\/\/www.diarioimagen.net\/?attachment_id=614767\" rel=\"attachment wp-att-614767\"><img loading=\"lazy\" decoding=\"async\" aria-describedby=\"caption-attachment-614767\" class=\"size-full wp-image-614767\" src=\"https:\/\/www.diarioimagen.net\/wp-content\/uploads\/2024\/04\/juntos-fuerza-corazon.jpg\" alt=\"\" width=\"460\" height=\"270\" \/><\/a><p id=\"caption-attachment-614767\" class=\"wp-caption-text\">La candidata \u00daCort\u00e9s Fern\u00e1ndez realiza una campa\u00f1a tocando puertas, entregando sus propuestas en calles, avenidas, mercados, en transporte p\u00fablico y en hogares, que con gusto abren sus puertas para escucharla.<\/p><\/div>\n<p>&nbsp;<\/p>\n<p><strong>Naucalpan, Estado de M\u00e9xico.\u2014<\/strong> Al continuar con su campa\u00f1a pol\u00edtica por la diputaci\u00f3n del Distrito 24, \u00darsula Cort\u00e9s Fern\u00e1ndez ha tenido una buena aceptaci\u00f3n de las familias naucalpenses, con quienes se ha comprometido regresar la tranquilidad y justicia social, que de un plumazo les han arrebatado.<\/p>\n<p>La candidata de la coalici\u00f3n Fuerza y Coraz\u00f3n por M\u00e9xico asegura que \u201cen toda reuni\u00f3n que tengo con mujeres, piden el regreso de las Estancias Infantiles y las Escuelas de Tiempo Completo.<\/p>\n<p>Las mujeres quieren salir adelante sin poner el riesgo a sus hijos y desde luego que, con su apoyo, vamos a hacer que sea posible\u201d, afirm\u00f3<\/p>\n<p>Cort\u00e9s Fern\u00e1ndez realiza una campa\u00f1a marat\u00f3nica tocando puertas, entregando sus propuestas en calles, avenidas, mercados, en transporte p\u00fablico y en hogares, que con gusto abren sus puertas para escucharla.<\/p>\n<p>\u201cLas mujeres merecemos m\u00e1s oportunidades. Una de mis propuestas es crear el Fondo Nacional de Emprendedoras, para que puedan invertir en un negocio y as\u00ed sumar a la econom\u00eda familiar. Vamos juntas y juntos, porque as\u00ed Naucalpan ser\u00e1 mejor\u201d, insiste.<\/p>\n<p>Los vecinos saben y reconocen que \u00darsula Cort\u00e9s, durante varios a\u00f1os, he trabajado arduamente para mejorar la calidad de vida de los naucalpenses, mismos que han refrendado su apoyo para ocupar una curul en el Congreso Federal.<\/p>\n<p>Finalmente, la carism\u00e1tica abanderada por el Distrito 24, se ha comprometido que con el voto ciudadano en favor de X\u00f3chitl G\u00e1lvez y los candidatos a los diversos cargos de elecci\u00f3n popular, \u201cjuntos, con Fuerza y Coraz\u00f3n, recuperaremos la paz que tanto necesitamos\u201d, concluy\u00f3.<\/p>\n","protected":false},"excerpt":{"rendered":"<p>Al continuar con su campa\u00f1a pol\u00edtica por la diputaci\u00f3n del Distrito 24, \u00darsula Cort\u00e9s Fern\u00e1ndez ha tenido una buena aceptaci\u00f3n de las familias naucalpenses, con quienes se ha comprometido regresar la tranquilidad y justicia social, que de un plumazo les han arrebatado.<\/p>\n","protected":false},"author":3,"featured_media":614767,"comment_status":"open","ping_status":"open","sticky":false,"template":"","format":"standard","meta":{"_monsterinsights_skip_tracking":false,"_monsterinsights_sitenote_active":false,"_monsterinsights_sitenote_note":"","_monsterinsights_sitenote_category":0,"footnotes":""},"categories":[5],"tags":[6185,43675,970],"class_list":["post-614706","post","type-post","status-publish","format-standard","has-post-thumbnail","hentry","category-estado-de-mexico","tag-campana","tag-estado-de-mexico","tag-naucalpan"],"_links":{"self":[{"href":"https:\/\/www.diarioimagen.net\/index.php?rest_route=\/wp\/v2\/posts\/614706","targetHints":{"allow":["GET"]}}],"collection":[{"href":"https:\/\/www.diarioimagen.net\/index.php?rest_route=\/wp\/v2\/posts"}],"about":[{"href":"https:\/\/www.diarioimagen.net\/index.php?rest_route=\/wp\/v2\/types\/post"}],"author":[{"embeddable":true,"href":"https:\/\/www.diarioimagen.net\/index.php?rest_route=\/wp\/v2\/users\/3"}],"replies":[{"embeddable":true,"href":"https:\/\/www.diarioimagen.net\/index.php?rest_route=%2Fwp%2Fv2%2Fcomments&post=614706"}],"version-history":[{"count":0,"href":"https:\/\/www.diarioimagen.net\/index.php?rest_route=\/wp\/v2\/posts\/614706\/revisions"}],"wp:featuredmedia":[{"embeddable":true,"href":"https:\/\/www.diarioimagen.net\/index.php?rest_route=\/wp\/v2\/media\/614767"}],"wp:attachment":[{"href":"https:\/\/www.diarioimagen.net\/index.php?rest_route=%2Fwp%2Fv2%2Fmedia&parent=614706"}],"wp:term":[{"taxonomy":"category","embeddable":true,"href":"https:\/\/www.diarioimagen.net\/index.php?rest_route=%2Fwp%2Fv2%2Fcategories&post=614706"},{"taxonomy":"post_tag","embeddable":true,"href":"https:\/\/www.diarioimagen.net\/index.php?rest_route=%2Fwp%2Fv2%2Ftags&post=614706"}],"curies":[{"name":"wp","href":"https:\/\/api.w.org\/{rel}","templated":true}]}}