{"id":614710,"date":"2024-04-02T00:04:28","date_gmt":"2024-04-02T06:04:28","guid":{"rendered":"https:\/\/www.diarioimagen.net\/?p=614710"},"modified":"2024-04-02T00:58:19","modified_gmt":"2024-04-02T06:58:19","slug":"los-mexicanos-estamos-cansados-de-vivir-con-miedo-dice-enrique-vargas-del-villar","status":"publish","type":"post","link":"https:\/\/www.diarioimagen.net\/?p=614710","title":{"rendered":"Los mexicanos estamos cansados de vivir con miedo, dice Enrique Vargas del Villar"},"content":{"rendered":"<p>&nbsp;<\/p>\n<p><a href=\"https:\/\/www.diarioimagen.net\/?attachment_id=614765\" rel=\"attachment wp-att-614765\"><img loading=\"lazy\" decoding=\"async\" class=\"aligncenter size-full wp-image-614765\" src=\"https:\/\/www.diarioimagen.net\/wp-content\/uploads\/2024\/04\/mexicanos-estamos-cansados.jpg\" alt=\"\" width=\"460\" height=\"270\" \/><\/a><\/p>\n<p>&nbsp;<\/p>\n<p><strong>Valle de M\u00e9xico.\u2014 <\/strong>Al enfatizar que los ciudadanos est\u00e1n cansados de vivir con miedo, Enrique Vargas del Villar, candidato al Senado de la Rep\u00fablica, reiter\u00f3\u00a0 que con X\u00f3chitl G\u00e1lvez, regresar\u00e1 la paz y tranquilidad a M\u00e9xico.<\/p>\n<p>Continuando con su campa\u00f1a por el Estado de M\u00e9xico, Enrique Vargas sostuvo que regresar\u00e1 la seguridad con mano dura. \u201cYa estamos hasta el gorro a ver si llegan nuestros familiares, ya estamos hasta el gorro de saber que nos asaltan todos los d\u00edas\u201d, puntualiz\u00f3. Vargas del Villa se ha posicionado como el candidato m\u00e1s popular para el Senado por el Estado de M\u00e9xico.<\/p>\n<p>El dos veces ex alcalde de Huixquilucan ha sido uno de las voces m\u00e1s cr\u00edticas del gobierno de L\u00f3pez Obrador, quien impuso los \u201cabrazos y no balazos\u201d, desatando una violencia nunca antes vista.<\/p>\n","protected":false},"excerpt":{"rendered":"<p>Al enfatizar que los ciudadanos est\u00e1n cansados de vivir con miedo, Enrique Vargas del Villar, candidato al Senado de la Rep\u00fablica, reiter\u00f3\u00a0 que con X\u00f3chitl G\u00e1lvez, regresar\u00e1 la paz y tranquilidad a M\u00e9xico.<\/p>\n","protected":false},"author":3,"featured_media":614765,"comment_status":"open","ping_status":"open","sticky":false,"template":"","format":"standard","meta":{"_monsterinsights_skip_tracking":false,"_monsterinsights_sitenote_active":false,"_monsterinsights_sitenote_note":"","_monsterinsights_sitenote_category":0,"footnotes":""},"categories":[5],"tags":[47218,68846,67110],"class_list":["post-614710","post","type-post","status-publish","format-standard","has-post-thumbnail","hentry","category-estado-de-mexico","tag-enrique-vargas-del-villar","tag-miedo","tag-vivir"],"_links":{"self":[{"href":"https:\/\/www.diarioimagen.net\/index.php?rest_route=\/wp\/v2\/posts\/614710","targetHints":{"allow":["GET"]}}],"collection":[{"href":"https:\/\/www.diarioimagen.net\/index.php?rest_route=\/wp\/v2\/posts"}],"about":[{"href":"https:\/\/www.diarioimagen.net\/index.php?rest_route=\/wp\/v2\/types\/post"}],"author":[{"embeddable":true,"href":"https:\/\/www.diarioimagen.net\/index.php?rest_route=\/wp\/v2\/users\/3"}],"replies":[{"embeddable":true,"href":"https:\/\/www.diarioimagen.net\/index.php?rest_route=%2Fwp%2Fv2%2Fcomments&post=614710"}],"version-history":[{"count":0,"href":"https:\/\/www.diarioimagen.net\/index.php?rest_route=\/wp\/v2\/posts\/614710\/revisions"}],"wp:featuredmedia":[{"embeddable":true,"href":"https:\/\/www.diarioimagen.net\/index.php?rest_route=\/wp\/v2\/media\/614765"}],"wp:attachment":[{"href":"https:\/\/www.diarioimagen.net\/index.php?rest_route=%2Fwp%2Fv2%2Fmedia&parent=614710"}],"wp:term":[{"taxonomy":"category","embeddable":true,"href":"https:\/\/www.diarioimagen.net\/index.php?rest_route=%2Fwp%2Fv2%2Fcategories&post=614710"},{"taxonomy":"post_tag","embeddable":true,"href":"https:\/\/www.diarioimagen.net\/index.php?rest_route=%2Fwp%2Fv2%2Ftags&post=614710"}],"curies":[{"name":"wp","href":"https:\/\/api.w.org\/{rel}","templated":true}]}}